{"id":34934,"date":"2021-02-07T12:14:11","date_gmt":"2021-02-07T15:14:11","guid":{"rendered":"http:\/\/vocesparalelas.com.ar\/sitio\/?p=34934"},"modified":"2021-02-08T22:51:09","modified_gmt":"2021-02-09T01:51:09","slug":"cronograma-de-traslados-preferenciales-y-ordinarios-e-ingreso-a-la-docencia-2021-en-san-juan","status":"publish","type":"post","link":"https:\/\/vocesparalelas.com.ar\/sitio\/cronograma-de-traslados-preferenciales-y-ordinarios-e-ingreso-a-la-docencia-2021-en-san-juan\/","title":{"rendered":"Cronograma de Traslados Preferenciales y Ordinarios e Ingreso a la Docencia 2021 en San Juan"},"content":{"rendered":"<p>La Junta de Clasificaci\u00f3n Docente Rama Primaria, informa a los docentes el cronograma de Ofrecimientos de Cargos, Traslados Preferenciales y Ordinarios e Ingreso a la Docencia 2021., presencial bajo estricto cumplimiento de los protocolos sanitarios y seg\u00fan el siguiente detalle:<\/p>\n<p><strong><span style=\"color: #99cc00;\">Cronograma de Ofrecimiento de Cargos<\/span><\/strong><\/p>\n<p>El 17 de Febrero, a las 9 horas, se realiza el ofrecimiento de cargos a docentes en disponibilidad en la sede de la Junta Primaria ubicada en calle Tucum\u00e1n 75 &#8211; N &#8211; Capital.<\/p>\n<p><strong><span style=\"color: #99cc00;\">Cronograma de Traslados Preferenciales y Ordinarios a\u00f1o 2021<\/span><\/strong><\/p>\n<p>Convocatoria seg\u00fan Resoluci\u00f3n N\u00ba 3383-ME-2020<\/p>\n<ul>\n<li><span style=\"color: #99cc00;\"><strong>Exhibici\u00f3n de listados de cargos vacantes:<\/strong><\/span> 10; 11 y 12 de Febrero<\/li>\n<li><span style=\"color: #99cc00;\"><strong>Acto de Traslados Preferenciales y Ordinarios:<\/strong> <\/span>18 y 19 de Febrero<\/li>\n<li><span style=\"color: #99cc00;\"><strong>Canje de Certificados Provisorios por Certificados Definitivos<\/strong>:<\/span> 22 y 23 de Febrero<\/li>\n<li><span style=\"color: #99cc00;\"><strong style=\"line-height: 1.5;\">Los docentes se presentan en sus respectivas escuelas efectivizando el Traslado:<\/strong><\/span><span style=\"line-height: 1.5;\">24 de\u00a0<\/span><span style=\"line-height: 1.5;\">Febrero<\/span><\/li>\n<\/ul>\n<p><strong><span style=\"color: #99cc00;\">Cronograma de Ingreso a la Docencia a\u00f1o 2021<\/span><\/strong><\/p>\n<p>Convocatoria seg\u00fan Resoluci\u00f3n N\u00ba 3024-ME-2020. E<\/p>\n<ul>\n<li><strong><span style=\"color: #99cc00;\">Exhibici\u00f3n de listados de cargos vacantes:<\/span> <\/strong>24,; 25 y 26 de Febrero<\/li>\n<li><span style=\"color: #99cc00;\"><strong>Acto de Ingreso a la Docencia<\/strong>:<\/span> 1, 2 y 3 de Marzo<\/li>\n<li><span style=\"color: #99cc00;\"><strong>Canje de Certificados Provisorios por Certificados Definitivos:<\/strong><\/span> 4 y 5 de Marzo<\/li>\n<li><span style=\"color: #99cc00;\"><strong>Se presentan los docentes en sus respectivas escuelas:<\/strong><\/span> 8 de Marzo<\/li>\n<\/ul>\n<p><strong><span style=\"color: #99cc00;\">Cronograma de Interinatos y Suplencias a\u00f1o 2021<\/span><\/strong><\/p>\n<ul>\n<li><span style=\"color: #99cc00;\"><strong>Env\u00edo de listados a Unidad de Gesti\u00f3n de Maestros de Grado y Maestro de Nivel Inicial: <\/strong><\/span>4 de Marzo<\/li>\n<li><span style=\"color: #99cc00;\"><strong>Env\u00edo de listados restantes:<\/strong><\/span> 7 al 11 de Marzo<\/li>\n<\/ul>\n<p>Los docentes accediendo a al sitio oficial del Ministerio de Educaci\u00f3n <a href=\"http:\/\/www.educacion.sanjuan.gob.ar\">http:\/\/www.educacion.sanjuan.gob.ar<\/a><a href=\"http:\/\/www.educacion.sanjuan.gob.ar\/\">\u00a0<\/a>\u00a0ingresando al \u00edcono Junta Rama Primaria, puede consultar el cronograma completo con d\u00edas de entrega de cada especialidad, horarios y requisitos.<\/p>\n<p>Cabe destacar que los Actos de Traslados e Ingreso a la Docencia 2021, bajo estricto protocolo, se realizan a partir de las 8 horas, en avenida 9 de Julio 952 este, en Santa Luc\u00eda, en el local del ex Caf\u00e9 Am\u00e9rica.<\/p>\n","protected":false},"excerpt":{"rendered":"<p>La Junta de Clasificaci\u00f3n Docente Rama Primaria, informa a los docentes el cronograma de Ofrecimientos de Cargos, Traslados Preferenciales y<\/p>\n","protected":false},"author":3,"featured_media":28629,"comment_status":"closed","ping_status":"closed","sticky":false,"template":"","format":"standard","meta":{"_acf_changed":false,"_seopress_robots_primary_cat":"none","_seopress_titles_title":"","_seopress_titles_desc":"","_seopress_robots_index":"","colormag_page_container_layout":"default_layout","colormag_page_sidebar_layout":"default_layout","footnotes":""},"categories":[5],"tags":[],"class_list":["post-34934","post","type-post","status-publish","format-standard","has-post-thumbnail","hentry","category-ofrecimientos"],"acf":[],"_links":{"self":[{"href":"https:\/\/vocesparalelas.com.ar\/sitio\/wp-json\/wp\/v2\/posts\/34934","targetHints":{"allow":["GET"]}}],"collection":[{"href":"https:\/\/vocesparalelas.com.ar\/sitio\/wp-json\/wp\/v2\/posts"}],"about":[{"href":"https:\/\/vocesparalelas.com.ar\/sitio\/wp-json\/wp\/v2\/types\/post"}],"author":[{"embeddable":true,"href":"https:\/\/vocesparalelas.com.ar\/sitio\/wp-json\/wp\/v2\/users\/3"}],"replies":[{"embeddable":true,"href":"https:\/\/vocesparalelas.com.ar\/sitio\/wp-json\/wp\/v2\/comments?post=34934"}],"version-history":[{"count":1,"href":"https:\/\/vocesparalelas.com.ar\/sitio\/wp-json\/wp\/v2\/posts\/34934\/revisions"}],"predecessor-version":[{"id":34936,"href":"https:\/\/vocesparalelas.com.ar\/sitio\/wp-json\/wp\/v2\/posts\/34934\/revisions\/34936"}],"wp:featuredmedia":[{"embeddable":true,"href":"https:\/\/vocesparalelas.com.ar\/sitio\/wp-json\/wp\/v2\/media\/28629"}],"wp:attachment":[{"href":"https:\/\/vocesparalelas.com.ar\/sitio\/wp-json\/wp\/v2\/media?parent=34934"}],"wp:term":[{"taxonomy":"category","embeddable":true,"href":"https:\/\/vocesparalelas.com.ar\/sitio\/wp-json\/wp\/v2\/categories?post=34934"},{"taxonomy":"post_tag","embeddable":true,"href":"https:\/\/vocesparalelas.com.ar\/sitio\/wp-json\/wp\/v2\/tags?post=34934"}],"curies":[{"name":"wp","href":"https:\/\/api.w.org\/{rel}","templated":true}]}}