{"id":34923,"date":"2021-02-06T23:52:27","date_gmt":"2021-02-07T02:52:27","guid":{"rendered":"http:\/\/vocesparalelas.com.ar\/sitio\/?p=34923"},"modified":"2021-02-06T23:52:27","modified_gmt":"2021-02-07T02:52:27","slug":"el-plan-de-cultivo-para-cannabis-medicinal-san-juan-se-aprobo","status":"publish","type":"post","link":"https:\/\/vocesparalelas.com.ar\/sitio\/el-plan-de-cultivo-para-cannabis-medicinal-san-juan-se-aprobo\/","title":{"rendered":"El Plan de Cultivo para Cannabis Medicinal San Juan se aprob\u00f3"},"content":{"rendered":"<p>En las primeras horas del viernes se public\u00f3 la resoluci\u00f3n 571\/2021 por parte del Ministerio de Salud de la Naci\u00f3n, que aprueba el Proyecto de Investigaci\u00f3n sobre el cultivo de cannabis con fines m\u00e9dicos y cient\u00edficos en el predio de la sociedad ubicado en el Campo Grande del Acequi\u00f3n, departamento Sarmiento, Provincia de San Juan.<\/p>\n<p>Esta Sociedad del Estado de reciente creaci\u00f3n genera nuevas perspectivas para el desarrollo de nuestra provincia en el \u00e1mbito medicinal y productivo.<\/p>\n<p>El cultivo de la planta de cannabis con fines medicinales y su posterior proceso hasta la obtenci\u00f3n del aceite es utilizado en el tratamiento paliativo de algunas enfermedades, como la epilepsia refractaria, tratamiento del dolor y Alzheimer entre otras.<\/p>\n<p>Uno de los objetivos de CanMe Origen San Juan es garantizar el acceso igualitario al aceite de cannabis medicinal a los pacientes que lo necesiten y promover la capacitaci\u00f3n constante en el uso medicinal del cannabis y sus derivados, a los profesionales de la salud de la Provincia como as\u00ed tambi\u00e9n, promover el desarrollo de proyectos agroindustriales vinculados al cannabis medicinal que generen en San Juan importantes inversiones en tecnolog\u00eda, que motoricen la econom\u00eda local, que generen recursos para todos los sanjuaninos proyectando una importante cantidad de puestos de trabajo al tratarse de una actividad con mano de obra intensiva.<\/p>\n<p>&nbsp;<\/p>\n<p><img loading=\"lazy\" decoding=\"async\" class=\"alignnone wp-image-34926 size-full\" src=\"https:\/\/vocesparalelas.com.ar\/sitio\/wp-content\/uploads\/2021\/02\/CANAVIS-INVESTIGACION.jpg\" alt=\"\" width=\"800\" height=\"533\" srcset=\"https:\/\/vocesparalelas.com.ar\/sitio\/wp-content\/uploads\/2021\/02\/CANAVIS-INVESTIGACION.jpg 800w, https:\/\/vocesparalelas.com.ar\/sitio\/wp-content\/uploads\/2021\/02\/CANAVIS-INVESTIGACION-300x200.jpg 300w, https:\/\/vocesparalelas.com.ar\/sitio\/wp-content\/uploads\/2021\/02\/CANAVIS-INVESTIGACION-768x512.jpg 768w\" sizes=\"auto, (max-width: 800px) 100vw, 800px\" \/><\/p>\n<p>&nbsp;<\/p>\n<p><img loading=\"lazy\" decoding=\"async\" class=\"alignnone wp-image-1245 size-full\" src=\"https:\/\/vocesparalelas.com.ar\/sitio\/wp-content\/uploads\/2017\/05\/CASA-DE-GOBIERNO-01.jpg\" alt=\"\" width=\"800\" height=\"534\" srcset=\"https:\/\/vocesparalelas.com.ar\/sitio\/wp-content\/uploads\/2017\/05\/CASA-DE-GOBIERNO-01.jpg 800w, https:\/\/vocesparalelas.com.ar\/sitio\/wp-content\/uploads\/2017\/05\/CASA-DE-GOBIERNO-01-300x200.jpg 300w, https:\/\/vocesparalelas.com.ar\/sitio\/wp-content\/uploads\/2017\/05\/CASA-DE-GOBIERNO-01-768x513.jpg 768w\" sizes=\"auto, (max-width: 800px) 100vw, 800px\" \/><\/p>\n<p>&nbsp;<\/p>\n","protected":false},"excerpt":{"rendered":"<p>En las primeras horas del viernes se public\u00f3 la resoluci\u00f3n 571\/2021 por parte del Ministerio de Salud de la Naci\u00f3n,<\/p>\n","protected":false},"author":3,"featured_media":34925,"comment_status":"closed","ping_status":"closed","sticky":false,"template":"","format":"standard","meta":{"_acf_changed":false,"_seopress_robots_primary_cat":"none","_seopress_titles_title":"","_seopress_titles_desc":"","_seopress_robots_index":"","colormag_page_container_layout":"default_layout","colormag_page_sidebar_layout":"default_layout","footnotes":""},"categories":[1],"tags":[],"class_list":["post-34923","post","type-post","status-publish","format-standard","has-post-thumbnail","hentry","category-destacadas"],"acf":[],"_links":{"self":[{"href":"https:\/\/vocesparalelas.com.ar\/sitio\/wp-json\/wp\/v2\/posts\/34923","targetHints":{"allow":["GET"]}}],"collection":[{"href":"https:\/\/vocesparalelas.com.ar\/sitio\/wp-json\/wp\/v2\/posts"}],"about":[{"href":"https:\/\/vocesparalelas.com.ar\/sitio\/wp-json\/wp\/v2\/types\/post"}],"author":[{"embeddable":true,"href":"https:\/\/vocesparalelas.com.ar\/sitio\/wp-json\/wp\/v2\/users\/3"}],"replies":[{"embeddable":true,"href":"https:\/\/vocesparalelas.com.ar\/sitio\/wp-json\/wp\/v2\/comments?post=34923"}],"version-history":[{"count":1,"href":"https:\/\/vocesparalelas.com.ar\/sitio\/wp-json\/wp\/v2\/posts\/34923\/revisions"}],"predecessor-version":[{"id":34927,"href":"https:\/\/vocesparalelas.com.ar\/sitio\/wp-json\/wp\/v2\/posts\/34923\/revisions\/34927"}],"wp:featuredmedia":[{"embeddable":true,"href":"https:\/\/vocesparalelas.com.ar\/sitio\/wp-json\/wp\/v2\/media\/34925"}],"wp:attachment":[{"href":"https:\/\/vocesparalelas.com.ar\/sitio\/wp-json\/wp\/v2\/media?parent=34923"}],"wp:term":[{"taxonomy":"category","embeddable":true,"href":"https:\/\/vocesparalelas.com.ar\/sitio\/wp-json\/wp\/v2\/categories?post=34923"},{"taxonomy":"post_tag","embeddable":true,"href":"https:\/\/vocesparalelas.com.ar\/sitio\/wp-json\/wp\/v2\/tags?post=34923"}],"curies":[{"name":"wp","href":"https:\/\/api.w.org\/{rel}","templated":true}]}}