{"id":34904,"date":"2021-02-05T23:49:08","date_gmt":"2021-02-06T02:49:08","guid":{"rendered":"http:\/\/vocesparalelas.com.ar\/sitio\/?p=34904"},"modified":"2021-02-08T00:20:59","modified_gmt":"2021-02-08T03:20:59","slug":"reflexion-sobre-la-mujer-y-la-nina-en-la-ciencia","status":"publish","type":"post","link":"https:\/\/vocesparalelas.com.ar\/sitio\/reflexion-sobre-la-mujer-y-la-nina-en-la-ciencia\/","title":{"rendered":"Reflexi\u00f3n sobre \u201cLa Mujer y la Ni\u00f1a en la Ciencia\u201d"},"content":{"rendered":"<div class=\"itemBody\">\n<div class=\"itemFullText\">\n<p>En el a\u00f1o 2015, la Asamblea General de las Naciones Unidas estableci\u00f3 el 11 de febrero como \u201cD\u00eda Internacional de la Mujer y la Ni\u00f1a en la Ciencia\u201d. La Unesco y ONU Mujeres, se propusieron como principal desaf\u00edo disolver obst\u00e1culos y promover una nueva generaci\u00f3n de cient\u00edficas con integraci\u00f3n plena y equitativa.<\/p>\n<p>La convocatoria est\u00e1 destinada a todas las mujeres que se desempe\u00f1an en instituciones cient\u00edficas con asiento en la Provincia de San Juan y realizan tareas de investigaci\u00f3n y aportes a la generaci\u00f3n de conocimiento.<\/p>\n<p>Las reflexiones ser\u00e1n recibidas por email hasta el jueves 11 de febrero de 2021. Los aportes recibidos ser\u00e1n editados, publicados y distribuidos por la SECITI el 8 de marzo de 2021 (D\u00eda Internacional de la Mujer) a la comunidad cient\u00edfica de la Provincia de San Juan.<\/p>\n<p><strong><span style=\"color: #99cc00;\">Disparadores para la reflexi\u00f3n<\/span><\/strong><\/p>\n<ul>\n<li>\u00bfCu\u00e1les son las nuevas perspectivas y desaf\u00edos que el Siglo XXI impone a la comunidad cient\u00edfica en relaci\u00f3n a las mujeres que se dedican a la tarea de investigaci\u00f3n?<\/li>\n<li>\u00bfQu\u00e9 aportes se pueden hacer para superar la hist\u00f3rica disparidad de g\u00e9nero en el campo del conocimiento?<\/li>\n<li>\u00bfQu\u00e9 aportes pueden hacer las mujeres en la mejora de la calidad de vida ciudadana desde la tarea cient\u00edfica?<\/li>\n<li>\u00bfAlcanza con la participaci\u00f3n igualitaria de las mujeres? \u00bfQu\u00e9 sucede con el reconocimiento de la producci\u00f3n cient\u00edfica de las mujeres en la ciencia?<\/li>\n<li>\u00bfQu\u00e9 sucede con la representaci\u00f3n femenina en la conducci\u00f3n o gobierno de instituciones cient\u00edficas y tecnol\u00f3gicas?<\/li>\n<li>\u00bfQu\u00e9 pol\u00edticas p\u00fablicas podr\u00edan ayudar a mejorar la situaci\u00f3n de la mujer en la ciencia?<\/li>\n<li>\u00bfQu\u00e9 experiencias personales o comunitarias pueden aportar a la reflexi\u00f3n en esta tem\u00e1tica?<\/li>\n<li>\u00d1Otras tem\u00e1ticas vinculadas que puedan aportar a la reflexi\u00f3n.<\/li>\n<\/ul>\n<p>La presente actividad es una iniciativa de la Subsecretar\u00eda de Promoci\u00f3n de la Actividad Cient\u00edfica y Tecnol\u00f3gica dependiente de la Secretar\u00eda de Estado de Ciencia, Tecnolog\u00eda e Innovaci\u00f3n de la Provincia de San Juan.<\/p>\n<p>Para participar se deber\u00e1 enviar el Anexo I completo hasta el 11 de febrero del 2021 inclusive al email: <span id=\"cloakf177c28bc71c50c9004c5ad472ab32b4\"><a href=\"mailto:promocioncientifica@sanjuan.gov.ar\">promocioncientifica@sanjuan.gov.ar<\/a><\/span><\/p>\n<p><strong><span style=\"color: #99cc00;\">Anexo I<\/span><\/strong><\/p>\n<ul>\n<li>Foto de la cient\u00edfica (la mejor calidad posible).<\/li>\n<li>Nombre completo (apellido y nombre).<\/li>\n<li>Nombre de la instituci\u00f3n en la que se desempe\u00f1a (universidad, facultad, instituto, departamento, etc.).<\/li>\n<li>Cargo actual (docente\/investigadora).<\/li>\n<li>\u00c1rea cient\u00edfica (\u00e1rea cient\u00edfica en la que se inscribe el proyecto actual).<\/li>\n<li>Proyecto m\u00e1s relevante que le interese visibilizar o \u00e1rea de conocimiento en la que se desempe\u00f1a actualmente:<\/li>\n<li>Email de contacto.<\/li>\n<li>Reflexi\u00f3n sobre \u201cLa Mujer y la Ni\u00f1a en la Ciencia\u201d (no m\u00e1s de 200 caracteres):<\/li>\n<\/ul>\n<\/div>\n<div class=\"clr\"><\/div>\n<\/div>\n<div class=\"itemNavigation\"><\/div>\n<div><\/div>\n<div><\/div>\n","protected":false},"excerpt":{"rendered":"<p>En el a\u00f1o 2015, la Asamblea General de las Naciones Unidas estableci\u00f3 el 11 de febrero como \u201cD\u00eda Internacional de<\/p>\n","protected":false},"author":3,"featured_media":32020,"comment_status":"closed","ping_status":"closed","sticky":false,"template":"","format":"standard","meta":{"_acf_changed":false,"_seopress_robots_primary_cat":"none","_seopress_titles_title":"","_seopress_titles_desc":"","_seopress_robots_index":"","colormag_page_container_layout":"default_layout","colormag_page_sidebar_layout":"default_layout","footnotes":""},"categories":[8],"tags":[],"class_list":["post-34904","post","type-post","status-publish","format-standard","has-post-thumbnail","hentry","category-concursos"],"acf":[],"_links":{"self":[{"href":"https:\/\/vocesparalelas.com.ar\/sitio\/wp-json\/wp\/v2\/posts\/34904","targetHints":{"allow":["GET"]}}],"collection":[{"href":"https:\/\/vocesparalelas.com.ar\/sitio\/wp-json\/wp\/v2\/posts"}],"about":[{"href":"https:\/\/vocesparalelas.com.ar\/sitio\/wp-json\/wp\/v2\/types\/post"}],"author":[{"embeddable":true,"href":"https:\/\/vocesparalelas.com.ar\/sitio\/wp-json\/wp\/v2\/users\/3"}],"replies":[{"embeddable":true,"href":"https:\/\/vocesparalelas.com.ar\/sitio\/wp-json\/wp\/v2\/comments?post=34904"}],"version-history":[{"count":1,"href":"https:\/\/vocesparalelas.com.ar\/sitio\/wp-json\/wp\/v2\/posts\/34904\/revisions"}],"predecessor-version":[{"id":34906,"href":"https:\/\/vocesparalelas.com.ar\/sitio\/wp-json\/wp\/v2\/posts\/34904\/revisions\/34906"}],"wp:featuredmedia":[{"embeddable":true,"href":"https:\/\/vocesparalelas.com.ar\/sitio\/wp-json\/wp\/v2\/media\/32020"}],"wp:attachment":[{"href":"https:\/\/vocesparalelas.com.ar\/sitio\/wp-json\/wp\/v2\/media?parent=34904"}],"wp:term":[{"taxonomy":"category","embeddable":true,"href":"https:\/\/vocesparalelas.com.ar\/sitio\/wp-json\/wp\/v2\/categories?post=34904"},{"taxonomy":"post_tag","embeddable":true,"href":"https:\/\/vocesparalelas.com.ar\/sitio\/wp-json\/wp\/v2\/tags?post=34904"}],"curies":[{"name":"wp","href":"https:\/\/api.w.org\/{rel}","templated":true}]}}