{"id":34899,"date":"2021-02-05T22:14:39","date_gmt":"2021-02-06T01:14:39","guid":{"rendered":"http:\/\/vocesparalelas.com.ar\/sitio\/?p=34899"},"modified":"2021-02-05T22:14:39","modified_gmt":"2021-02-06T01:14:39","slug":"se-distribuyo-kits-de-higiene-y-verifico-las-condiciones-de-las-31-escuelas-sede","status":"publish","type":"post","link":"https:\/\/vocesparalelas.com.ar\/sitio\/se-distribuyo-kits-de-higiene-y-verifico-las-condiciones-de-las-31-escuelas-sede\/","title":{"rendered":"Se distribuy\u00f3 kits de higiene y verific\u00f3 las condiciones de las 31 Escuelas Sede"},"content":{"rendered":"<p>Al comenzar el Refuerzo Educativo gratuito el S\u00e1bado, 6 de Febrero de 2021, con clases presenciales, se recuerda que los establecimientos educativos est\u00e1n bajo estricto protocolo, debiendo tutores, alumnos, coordinadores y personal de servicio cumplir al pie de la letra las disposiciones establecidas para el ingreso y desplazamiento en el interior del edificio escolar, respetando la se\u00f1al\u00e9tica y haciendo uso correcto de sanitarios y patio de recreo, hasta el egreso de la escuela.<\/p>\n<p>Ante el pedido de padres por razones de proximidad con el establecimiento educativo, contando con mayor accesibilidad por transporte y comodidad, se modificaron dos escuelas sedes, una en Capital y otra en Rivadavia.<\/p>\n<p>En la Zona 5, Capital, la Escuela Sede Antonio Torres, General Acha 426 &#8211; S &#8211; Capital reemplaza a la Escuela Sarmiento y en la Zona 22, Rivadavia, la Escuela Provincia de Salta, Avda. Libertador 4150 &#8211; O &#8211; reemplaza a la Escuela General Mariano Bartolom\u00e9 Carreras.<\/p>\n<p>La comunidad educativa y familias de estas dos zonas han sido debidamente notificadas.<\/p>\n<p>Por ello, el Ministerio de Educaci\u00f3n corrobor\u00f3 que las instituciones estuviesen adecuadas a los protocolos, limpieza y condiciones. Adem\u00e1s distribuy\u00f3 se\u00f1al\u00e9tica, term\u00f3metros, insumos de higiene para la instituci\u00f3n y kits de higiene para los estudiantes de los cinco departamentos de la provincia en los cuales se inicia por primera vez la presencialidad, conforme a los protocolos de la jurisdicci\u00f3n. Recordemos que en agosto de 2020, los edificios escolares de 14 departamentos fueron adecuados y equipados por el retorno a la presencialidad. Tambi\u00e9n estos establecimientos recibieron material y limpieza correspondiente para la apertura este s\u00e1bado.<\/p>\n<p>Autoridades y funcionarios del gabinete de Educaci\u00f3n recorren desde las 8 hs.; cada una de las 31 Escuelas Sedes establecidas para garantizar y acompa\u00f1ar el inicio de la actividad en total normalidad.<\/p>\n<p>Se comunica adem\u00e1s que de continuar el S\u00e1bado, 6 de Febrero, el paro del servicio de transporte p\u00fablico de pasajeros, que impidiese la asistencia de alg\u00fan alumno, el Programa de Fortalecimiento Educativo gratuito informa, para tranquilidad de padres y estudiantes, que los tutores garantizan la recuperaci\u00f3n de la clase.<\/p>\n<p><span style=\"color: #808000;\"><strong>Escuelas Sedes de Primaria<\/strong><\/span><\/p>\n<p>Bajo estricto protocolo cursan de 8 a 12.30 horas los alumnos de<\/p>\n<ul>\n<li>Sexto Grado de Primaria Com\u00fan<\/li>\n<li>Sexto Grado de Primaria Agrupada<\/li>\n<li>Primer, Segundo Tercer A\u00f1o de Primaria Rural Aislada<\/li>\n<\/ul>\n<p><img loading=\"lazy\" decoding=\"async\" class=\"alignnone wp-image-34902 size-full\" src=\"https:\/\/vocesparalelas.com.ar\/sitio\/wp-content\/uploads\/2021\/02\/LISTA-SEDE.jpg\" alt=\"\" width=\"800\" height=\"850\" srcset=\"https:\/\/vocesparalelas.com.ar\/sitio\/wp-content\/uploads\/2021\/02\/LISTA-SEDE.jpg 800w, https:\/\/vocesparalelas.com.ar\/sitio\/wp-content\/uploads\/2021\/02\/LISTA-SEDE-282x300.jpg 282w, https:\/\/vocesparalelas.com.ar\/sitio\/wp-content\/uploads\/2021\/02\/LISTA-SEDE-753x800.jpg 753w, https:\/\/vocesparalelas.com.ar\/sitio\/wp-content\/uploads\/2021\/02\/LISTA-SEDE-768x816.jpg 768w\" sizes=\"auto, (max-width: 800px) 100vw, 800px\" \/><\/p>\n<p><span style=\"color: #808000;\"><strong>Sexto a\u00f1o de Secundaria<\/strong><\/span><\/p>\n<p><span style=\"color: #808000;\"><strong>Modalidad Presencial<\/strong>:<\/span> la tutor\u00eda son bajo estricto protocolo sanitario \u00fanicamente en los departamentos alejados de J\u00e1chal, Iglesia, Sarmiento y Valle F\u00e9rtil.<\/p>\n<p>Los alumnos deben acudir directamente a la Escuela Sede de su departamento.<\/p>\n<p><span style=\"color: #808000;\"><strong>Cursan los s\u00e1bados, de 8 a 12:30 horas, en las siguientes escuelas<\/strong>:<\/span><\/p>\n<ul>\n<li><span style=\"color: #808000;\"><strong>Departamento J\u00e1chal<\/strong>:<\/span> Escuela Fray Justo Santa Mar\u00eda de Oro.<\/li>\n<li><span style=\"color: #808000;\"><strong>Departamento Iglesia:<\/strong><\/span> Escuela Columna Cabot<\/li>\n<li><span style=\"color: #808000;\"><strong>Departamento Sarmiento:<\/strong><\/span> Escuela Victorina Lenoir de Navarro<\/li>\n<li><span style=\"color: #808000;\"><strong>Departamento Valle F\u00e9rtil:<\/strong><\/span> Colegio Fuerza \u00c1rea Argentina<\/li>\n<\/ul>\n<p><span style=\"color: #808000;\"><strong>S\u00e9ptimo a\u00f1os de escuelas t\u00e9cnicas y agr\u00f3tecnicas<\/strong><\/span><\/p>\n<p><span style=\"color: #808000;\"><strong>Modalidad presencial<\/strong>:<\/span> la tutor\u00eda son bajo estricto protocolo sanitario \u00fanicamente en los departamentos de: J\u00e1chal, Iglesia, Calingasta, Sarmiento y Valle F\u00e9rtil. Los s\u00e1bados a partir del 13 de Febrero, en horario de 8 a 12.30 horas.<\/p>\n<p>Las tutor\u00edas son los s\u00e1bados, a partir del 13 de Febrero, en horario de 8 a 12.30 horas, los estudiantes deben acudir directamente el d\u00eda de inicio a la escuela sede del departamento en el que reside.<\/p>\n<p><span style=\"color: #808000;\"><strong>Departamento J\u00e1chal<\/strong><\/span><\/p>\n<ul>\n<li>Escuela Agrot\u00e9cnica de Huaco<\/li>\n<li>Escuela Dr. Manuel Belgrano<\/li>\n<li>Escuela Agroindustrial Videla Cuello<\/li>\n<li>Escuela EPET N\u00b0 1<\/li>\n<\/ul>\n<p><span style=\"color: #808000;\"><strong>Departamento Iglesia<\/strong><\/span><\/p>\n<ul>\n<li>Agrot\u00e9cnica Cornelio Saavedra<\/li>\n<\/ul>\n<p><span style=\"color: #808000;\"><strong>Departamento Sarmiento<\/strong><\/span><\/p>\n<ul>\n<li>Escuela Agrot\u00e9cnica Sarmiento<\/li>\n<\/ul>\n<p><span style=\"color: #808000;\"><strong>Departamento Valle F\u00e9rtil<\/strong><\/span><\/p>\n<ul>\n<li>Escuela Agrot\u00e9cnica Ej\u00e9rcito Argentino<\/li>\n<\/ul>\n<p><span style=\"color: #808000;\"><strong>Departamento Calingasta<\/strong><\/span><\/p>\n<ul>\n<li>Escuela T\u00e9cnica Dr. Manuel Savio<\/li>\n<\/ul>\n<p>&nbsp;<\/p>\n","protected":false},"excerpt":{"rendered":"<p>Al comenzar el Refuerzo Educativo gratuito el S\u00e1bado, 6 de Febrero de 2021, con clases presenciales, se recuerda que los<\/p>\n","protected":false},"author":3,"featured_media":34901,"comment_status":"closed","ping_status":"closed","sticky":false,"template":"","format":"standard","meta":{"_acf_changed":false,"_seopress_robots_primary_cat":"none","_seopress_titles_title":"","_seopress_titles_desc":"","_seopress_robots_index":"","colormag_page_container_layout":"default_layout","colormag_page_sidebar_layout":"default_layout","footnotes":""},"categories":[1],"tags":[],"class_list":["post-34899","post","type-post","status-publish","format-standard","has-post-thumbnail","hentry","category-destacadas"],"acf":[],"_links":{"self":[{"href":"https:\/\/vocesparalelas.com.ar\/sitio\/wp-json\/wp\/v2\/posts\/34899","targetHints":{"allow":["GET"]}}],"collection":[{"href":"https:\/\/vocesparalelas.com.ar\/sitio\/wp-json\/wp\/v2\/posts"}],"about":[{"href":"https:\/\/vocesparalelas.com.ar\/sitio\/wp-json\/wp\/v2\/types\/post"}],"author":[{"embeddable":true,"href":"https:\/\/vocesparalelas.com.ar\/sitio\/wp-json\/wp\/v2\/users\/3"}],"replies":[{"embeddable":true,"href":"https:\/\/vocesparalelas.com.ar\/sitio\/wp-json\/wp\/v2\/comments?post=34899"}],"version-history":[{"count":1,"href":"https:\/\/vocesparalelas.com.ar\/sitio\/wp-json\/wp\/v2\/posts\/34899\/revisions"}],"predecessor-version":[{"id":34903,"href":"https:\/\/vocesparalelas.com.ar\/sitio\/wp-json\/wp\/v2\/posts\/34899\/revisions\/34903"}],"wp:featuredmedia":[{"embeddable":true,"href":"https:\/\/vocesparalelas.com.ar\/sitio\/wp-json\/wp\/v2\/media\/34901"}],"wp:attachment":[{"href":"https:\/\/vocesparalelas.com.ar\/sitio\/wp-json\/wp\/v2\/media?parent=34899"}],"wp:term":[{"taxonomy":"category","embeddable":true,"href":"https:\/\/vocesparalelas.com.ar\/sitio\/wp-json\/wp\/v2\/categories?post=34899"},{"taxonomy":"post_tag","embeddable":true,"href":"https:\/\/vocesparalelas.com.ar\/sitio\/wp-json\/wp\/v2\/tags?post=34899"}],"curies":[{"name":"wp","href":"https:\/\/api.w.org\/{rel}","templated":true}]}}