{"id":34890,"date":"2021-02-05T20:39:12","date_gmt":"2021-02-05T23:39:12","guid":{"rendered":"http:\/\/vocesparalelas.com.ar\/sitio\/?p=34890"},"modified":"2021-02-05T20:39:12","modified_gmt":"2021-02-05T23:39:12","slug":"es-la-primera-vez-que-un-ministro-nacional-visito-la-mina-veladero-en-san-juan","status":"publish","type":"post","link":"https:\/\/vocesparalelas.com.ar\/sitio\/es-la-primera-vez-que-un-ministro-nacional-visito-la-mina-veladero-en-san-juan\/","title":{"rendered":"Es la primera vez que un ministro nacional visit\u00f3 la mina Veladero en San Juan"},"content":{"rendered":"<p>Durante la ma\u00f1ana del Viernes, 05 de Febrero, tuvo lugar un hecho in\u00e9dito porque es la primera vez un ministro nacional visit\u00f3 la mina Veladero, en San Juan. Se trata del titular de Desarrollo Productivo, Lic. Mat\u00edas Kulfas, quien estuvo acompa\u00f1ado por el secretario de Miner\u00eda de la Naci\u00f3n, Dr. Alberto Hensel y el ministro de Miner\u00eda del Gobierno de San Juan, Ing. Carlos Astudillo.<\/p>\n<p>La delegaci\u00f3n lleg\u00f3 alrededor de las 9:00 horas y fue recibida en el campamento Los Amarillos por el intendente de Iglesia, Jorge Espejo; el gerente general de Veladero, Michael Fleming; el gerente de Seguridad y Salud, Leonardo Csizmas y el gerente de Asuntos Corporativos, Alberto Abecasis.<\/p>\n<p>Tras recorrer el campamento, la comitiva se dirigi\u00f3 a la planta de proceso, donde se interioriz\u00f3 sobre los trabajos en refiner\u00eda. Seguidamente se traslad\u00f3 al valle de la mina, donde observ\u00f3 de primera mano la ampliaci\u00f3n de la mina de fase 5 a 6. El recorrido culmin\u00f3 en la mina, donde se pusieron al tanto de los trabajos en el Filo Federico.<\/p>\n<p><img loading=\"lazy\" decoding=\"async\" class=\"alignnone wp-image-34893 size-full\" src=\"https:\/\/vocesparalelas.com.ar\/sitio\/wp-content\/uploads\/2021\/02\/VELADERO-05.jpg\" alt=\"\" width=\"800\" height=\"534\" srcset=\"https:\/\/vocesparalelas.com.ar\/sitio\/wp-content\/uploads\/2021\/02\/VELADERO-05.jpg 800w, https:\/\/vocesparalelas.com.ar\/sitio\/wp-content\/uploads\/2021\/02\/VELADERO-05-300x200.jpg 300w, https:\/\/vocesparalelas.com.ar\/sitio\/wp-content\/uploads\/2021\/02\/VELADERO-05-768x513.jpg 768w\" sizes=\"auto, (max-width: 800px) 100vw, 800px\" \/><\/p>\n<p><img loading=\"lazy\" decoding=\"async\" class=\"alignnone wp-image-34894 size-full\" src=\"https:\/\/vocesparalelas.com.ar\/sitio\/wp-content\/uploads\/2021\/02\/VELADERO-06.jpg\" alt=\"\" width=\"800\" height=\"534\" srcset=\"https:\/\/vocesparalelas.com.ar\/sitio\/wp-content\/uploads\/2021\/02\/VELADERO-06.jpg 800w, https:\/\/vocesparalelas.com.ar\/sitio\/wp-content\/uploads\/2021\/02\/VELADERO-06-300x200.jpg 300w, https:\/\/vocesparalelas.com.ar\/sitio\/wp-content\/uploads\/2021\/02\/VELADERO-06-768x513.jpg 768w\" sizes=\"auto, (max-width: 800px) 100vw, 800px\" \/><\/p>\n<p>Kulfas destac\u00f3 el trabajo realizado en San Juan, considerando que \u00abla provincia est\u00e1 mostrando con claridad que es punta en el desarrollo de la actividad de provedores mineros de todo el pa\u00eds\u00bb.<\/p>\n<p>Con respecto al apoyo del presidente Dr. Alberto Fern\u00e1ndez a la miner\u00eda, Kulfas ratific\u00f3 la postura del Gobierno nacional y agreg\u00f3 que \u00abnuestra visi\u00f3n es hacer miner\u00eda con un modelo inclusivo y sustentable\u00bb.<\/p>\n<p>Finalmente, Kulfas valor\u00f3 el resguardo ambiental de San Juan diciendo que \u00aben San Juan hay una clara actitud de cuidado ambiental. Ayer estuvimos en la Secretar\u00eda de Control Ambiental y vimos c\u00f3mo en tiempo real observan cada proyecto minero\u00bb.<\/p>\n<p>Con respecto a Veladero, explic\u00f3 que \u00abvimos los elementos de tecnolog\u00eda avanzada con los que se trabaja en pos de la construcci\u00f3n de un modelo minero seguro para la Argentina y que a la vez sirva para el desarrollo\u00bb.<\/p>\n<p>Por su parte, Dr. Alberto Hensel asever\u00f3 que el ministro Kulfas supervis\u00f3 y tom\u00f3 dimensi\u00f3n del proyecto: \u201cRepas\u00f3 todas las tareas que se vienen realizando en la mina, como la ampliaci\u00f3n del valle de lixiviaci\u00f3n que permitir\u00e1 extender la vida \u00fatil de este emprendimiento tan importante\u201d.<\/p>\n<p><img loading=\"lazy\" decoding=\"async\" class=\"alignnone wp-image-34897 size-full\" src=\"https:\/\/vocesparalelas.com.ar\/sitio\/wp-content\/uploads\/2021\/02\/VELADERO-02.jpg\" alt=\"\" width=\"800\" height=\"534\" srcset=\"https:\/\/vocesparalelas.com.ar\/sitio\/wp-content\/uploads\/2021\/02\/VELADERO-02.jpg 800w, https:\/\/vocesparalelas.com.ar\/sitio\/wp-content\/uploads\/2021\/02\/VELADERO-02-300x200.jpg 300w, https:\/\/vocesparalelas.com.ar\/sitio\/wp-content\/uploads\/2021\/02\/VELADERO-02-768x513.jpg 768w\" sizes=\"auto, (max-width: 800px) 100vw, 800px\" \/><\/p>\n<p>El ministro de Miner\u00eda de San Juan, Ing. Carlos Astudillo, dijo que acompa\u00f1aron \u00abal ministro de Desarrollo Productivo para que conozca la miner\u00eda de San Juan. Que vea el trabajo de la operadora Minera del Sol y el trabajo que hace el Estado provincial en el control ambiental\u00bb.<\/p>\n<p>Acto seguido, explic\u00f3 que \u00abla mina lleva en operaci\u00f3n 15 a\u00f1os y tenemos 15 a\u00f1os m\u00e1s de vida \u00fatil. Sin el trabajo conjunto del Estado y la empresa, la mina no podr\u00eda estar en operaci\u00f3n\u00bb.<\/p>\n<p>Para finalizar remarc\u00f3 que \u00abel proceso actual que se desarrolla en el proyecto. En este momento, la mina se est\u00e1 expandiendo en su fase 6 y a su vez est\u00e1 cerrando las fases 1 a 5. Un hecho in\u00e9dito en la miner\u00eda, posible gracias un acuerdo entre el Gobierno provincial y Veladero\u00bb.<\/p>\n<p>El intendente de Iglesia, Jorge Espejo, remarc\u00f3 la relevancia de la visita de la comitiva. \u00abLa llegada de un ministro nacional es significativamente importante para la miner\u00eda sanjuanina y fundamentalmente para el crecimiento y progreso del departamento\u00bb.<\/p>\n<p><img loading=\"lazy\" decoding=\"async\" class=\"alignnone wp-image-34896 size-full\" src=\"https:\/\/vocesparalelas.com.ar\/sitio\/wp-content\/uploads\/2021\/02\/VELADERO-01.jpg\" alt=\"\" width=\"800\" height=\"534\" srcset=\"https:\/\/vocesparalelas.com.ar\/sitio\/wp-content\/uploads\/2021\/02\/VELADERO-01.jpg 800w, https:\/\/vocesparalelas.com.ar\/sitio\/wp-content\/uploads\/2021\/02\/VELADERO-01-300x200.jpg 300w, https:\/\/vocesparalelas.com.ar\/sitio\/wp-content\/uploads\/2021\/02\/VELADERO-01-768x513.jpg 768w\" sizes=\"auto, (max-width: 800px) 100vw, 800px\" \/><\/p>\n<p>&nbsp;<\/p>\n","protected":false},"excerpt":{"rendered":"<p>Durante la ma\u00f1ana del Viernes, 05 de Febrero, tuvo lugar un hecho in\u00e9dito porque es la primera vez un ministro<\/p>\n","protected":false},"author":3,"featured_media":34895,"comment_status":"closed","ping_status":"closed","sticky":false,"template":"","format":"standard","meta":{"_acf_changed":false,"_seopress_robots_primary_cat":"none","_seopress_titles_title":"","_seopress_titles_desc":"","_seopress_robots_index":"","colormag_page_container_layout":"default_layout","colormag_page_sidebar_layout":"default_layout","footnotes":""},"categories":[1],"tags":[],"class_list":["post-34890","post","type-post","status-publish","format-standard","has-post-thumbnail","hentry","category-destacadas"],"acf":[],"_links":{"self":[{"href":"https:\/\/vocesparalelas.com.ar\/sitio\/wp-json\/wp\/v2\/posts\/34890","targetHints":{"allow":["GET"]}}],"collection":[{"href":"https:\/\/vocesparalelas.com.ar\/sitio\/wp-json\/wp\/v2\/posts"}],"about":[{"href":"https:\/\/vocesparalelas.com.ar\/sitio\/wp-json\/wp\/v2\/types\/post"}],"author":[{"embeddable":true,"href":"https:\/\/vocesparalelas.com.ar\/sitio\/wp-json\/wp\/v2\/users\/3"}],"replies":[{"embeddable":true,"href":"https:\/\/vocesparalelas.com.ar\/sitio\/wp-json\/wp\/v2\/comments?post=34890"}],"version-history":[{"count":1,"href":"https:\/\/vocesparalelas.com.ar\/sitio\/wp-json\/wp\/v2\/posts\/34890\/revisions"}],"predecessor-version":[{"id":34898,"href":"https:\/\/vocesparalelas.com.ar\/sitio\/wp-json\/wp\/v2\/posts\/34890\/revisions\/34898"}],"wp:featuredmedia":[{"embeddable":true,"href":"https:\/\/vocesparalelas.com.ar\/sitio\/wp-json\/wp\/v2\/media\/34895"}],"wp:attachment":[{"href":"https:\/\/vocesparalelas.com.ar\/sitio\/wp-json\/wp\/v2\/media?parent=34890"}],"wp:term":[{"taxonomy":"category","embeddable":true,"href":"https:\/\/vocesparalelas.com.ar\/sitio\/wp-json\/wp\/v2\/categories?post=34890"},{"taxonomy":"post_tag","embeddable":true,"href":"https:\/\/vocesparalelas.com.ar\/sitio\/wp-json\/wp\/v2\/tags?post=34890"}],"curies":[{"name":"wp","href":"https:\/\/api.w.org\/{rel}","templated":true}]}}