{"id":34876,"date":"2021-02-07T17:30:02","date_gmt":"2021-02-07T20:30:02","guid":{"rendered":"http:\/\/vocesparalelas.com.ar\/sitio\/?p=34876"},"modified":"2021-02-08T22:51:42","modified_gmt":"2021-02-09T01:51:42","slug":"renovacion-de-la-credencial-universitaria-de-transporte-en-la-unsj","status":"publish","type":"post","link":"https:\/\/vocesparalelas.com.ar\/sitio\/renovacion-de-la-credencial-universitaria-de-transporte-en-la-unsj\/","title":{"rendered":"Renovaci\u00f3n de la credencial universitaria de transporte en la UNSJ"},"content":{"rendered":"<p>La Secretar\u00eda de Bienestar Universitario informa que desde el Lunes, 8 de Febrero\u00a0se procede a la renovaci\u00f3n de la credencial universitaria de transporte para los\/as estudiantes universitarios.<\/p>\n<p>El procedimiento est\u00e1 previsto realizarlo a trav\u00e9s de los centros de Estudiantes de cada una de las unidades acad\u00e9micas de la UNSJ.<\/p>\n<p>Para esto se debe consultar con los representantes de cada espacio la modalidad y horarios de atenci\u00f3n.<\/p>\n<p><span style=\"color: #ff6600;\"><strong>Cronograma<\/strong><\/span><\/p>\n<ul>\n<li>Lunes, 08 de Febrero; DNI terminados en 0 y 1<\/li>\n<li>Martes, 09 de Febrero;: DNI terminados en 2 y 3<\/li>\n<li>Mi\u00e9rcoles, 10 de Febrero;: DNI terminados en 4 y 5<\/li>\n<li>Jueves, 11 de Febrero; DNI terminados en 6 y 7<\/li>\n<li>Viernes, 12 de Febrero;: DNI terminados en 8 y 9<\/li>\n<\/ul>\n<p>Por otra parte, quienes deban solicitar un duplicado por deterioro, robo o extrav\u00edo, deben acercarse por el Complejo Deportivo \u00abEl Palomar\u00bb con su historial acad\u00e9mico. Mientras quienes nunca obtuvieron la credencial deben asistir con DNI, certificado de regularidad o historial acad\u00e9mico.<\/p>\n<p>Horario de atenci\u00f3n: 8 a 12 horas.<\/p>\n<p>Los estudiantes que ya tengan su credencial hasta el 30 de Marzo, deben esperar a las nuevas fechas de renovaci\u00f3n.<\/p>\n<p>M\u00e1s informaci\u00f3n: Facebook <a href=\"https:\/\/www.facebook.com\/BienestarUNSJ\" target=\"_blank\" rel=\"noopener noreferrer\">Bienestar Universitario UNSJ<\/a><\/p>\n","protected":false},"excerpt":{"rendered":"<p>La Secretar\u00eda de Bienestar Universitario informa que desde el Lunes, 8 de Febrero\u00a0se procede a la renovaci\u00f3n de la credencial<\/p>\n","protected":false},"author":3,"featured_media":6496,"comment_status":"closed","ping_status":"closed","sticky":false,"template":"","format":"standard","meta":{"_acf_changed":false,"_seopress_robots_primary_cat":"none","_seopress_titles_title":"","_seopress_titles_desc":"","_seopress_robots_index":"","colormag_page_container_layout":"default_layout","colormag_page_sidebar_layout":"default_layout","footnotes":""},"categories":[2],"tags":[],"class_list":["post-34876","post","type-post","status-publish","format-standard","has-post-thumbnail","hentry","category-convocatorias"],"acf":[],"_links":{"self":[{"href":"https:\/\/vocesparalelas.com.ar\/sitio\/wp-json\/wp\/v2\/posts\/34876","targetHints":{"allow":["GET"]}}],"collection":[{"href":"https:\/\/vocesparalelas.com.ar\/sitio\/wp-json\/wp\/v2\/posts"}],"about":[{"href":"https:\/\/vocesparalelas.com.ar\/sitio\/wp-json\/wp\/v2\/types\/post"}],"author":[{"embeddable":true,"href":"https:\/\/vocesparalelas.com.ar\/sitio\/wp-json\/wp\/v2\/users\/3"}],"replies":[{"embeddable":true,"href":"https:\/\/vocesparalelas.com.ar\/sitio\/wp-json\/wp\/v2\/comments?post=34876"}],"version-history":[{"count":1,"href":"https:\/\/vocesparalelas.com.ar\/sitio\/wp-json\/wp\/v2\/posts\/34876\/revisions"}],"predecessor-version":[{"id":34878,"href":"https:\/\/vocesparalelas.com.ar\/sitio\/wp-json\/wp\/v2\/posts\/34876\/revisions\/34878"}],"wp:featuredmedia":[{"embeddable":true,"href":"https:\/\/vocesparalelas.com.ar\/sitio\/wp-json\/wp\/v2\/media\/6496"}],"wp:attachment":[{"href":"https:\/\/vocesparalelas.com.ar\/sitio\/wp-json\/wp\/v2\/media?parent=34876"}],"wp:term":[{"taxonomy":"category","embeddable":true,"href":"https:\/\/vocesparalelas.com.ar\/sitio\/wp-json\/wp\/v2\/categories?post=34876"},{"taxonomy":"post_tag","embeddable":true,"href":"https:\/\/vocesparalelas.com.ar\/sitio\/wp-json\/wp\/v2\/tags?post=34876"}],"curies":[{"name":"wp","href":"https:\/\/api.w.org\/{rel}","templated":true}]}}