{"id":34859,"date":"2021-02-04T23:12:24","date_gmt":"2021-02-05T02:12:24","guid":{"rendered":"http:\/\/vocesparalelas.com.ar\/sitio\/?p=34859"},"modified":"2021-02-04T23:12:24","modified_gmt":"2021-02-05T02:12:24","slug":"la-unsj-marca-registrada","status":"publish","type":"post","link":"https:\/\/vocesparalelas.com.ar\/sitio\/la-unsj-marca-registrada\/","title":{"rendered":"La UNSJ marca registrada"},"content":{"rendered":"<p>\u201cSe trabaj\u00f3 en el retiro de algunos anillos que generaban una complejidad extrema y en la tipograf\u00eda de la marca que tiene una doble instancia de orgullo para la Universidad Nacional de San Juan. Por un lado, la tipograf\u00eda tiene la esencia de la flora aut\u00f3ctona, los rasgos de las terminaciones son de espinos de esta zona. Y por otra parte este trabajo es producto de un egresado de nuestra Universidad\u201d, as\u00ed lo manifest\u00f3 Lic. Eliana Perniche, secretaria de Extensi\u00f3n Universitaria de la UNSJ.<\/p>\n<p>De esta manera esta casa de Altos Estudios concret\u00f3 la inscripci\u00f3n de la marca institucional UNSJ como as\u00ed tambi\u00e9n de \u201cEl Palomar\u201d, Xama Se\u00f1al UNSJ y del Superalmac\u00e9n de la Econom\u00eda Social y Solidaria en el Registro Nacional de Marcas hasta el 2030.<\/p>\n<p>Vale recordar que el proyecto es el resultado de muchos a\u00f1os de trabajo, en el cual aportaron la Secretar\u00eda de Comunicaci\u00f3n y la Secretar\u00eda de Extensi\u00f3n tomando como punto de partida el inigualable trabajo de Luis Su\u00e1rez Jofr\u00e9 el creador del escudo de la Universidad Nacional de San Juan.<\/p>\n<p>Perniche adem\u00e1s destac\u00f3 que se desarroll\u00f3 un manual de Identidad Institucional que rige en todo el \u00e1mbito universitario desde hace casi tres a\u00f1os. Para conocerlo ingresar a\u00a0<a href=\"http:\/\/www.unsj.edu.ar\/comunicacion\/externa_interna\" target=\"_blank\" rel=\"noopener noreferrer\">www.unsj.edu.ar<\/a><\/p>\n<p>Conocer m\u00e1s sobre Luis Su\u00e1rez Jofr\u00e9 creador del escudo de la Universidad Nacional de San Juan ingresar a\u00a0<a href=\"http:\/\/www.revista.unsj.edu.ar\/revista45\/historias_minimas.php\" target=\"_blank\" rel=\"noopener noreferrer\">www.revista.unsj.edu.ar<\/a><\/p>\n<p>&nbsp;<\/p>\n<p>&nbsp;<\/p>\n<p>&nbsp;<\/p>\n","protected":false},"excerpt":{"rendered":"<p>\u201cSe trabaj\u00f3 en el retiro de algunos anillos que generaban una complejidad extrema y en la tipograf\u00eda de la marca<\/p>\n","protected":false},"author":3,"featured_media":34861,"comment_status":"closed","ping_status":"closed","sticky":false,"template":"","format":"standard","meta":{"_acf_changed":false,"_seopress_robots_primary_cat":"none","_seopress_titles_title":"","_seopress_titles_desc":"","_seopress_robots_index":"","colormag_page_container_layout":"default_layout","colormag_page_sidebar_layout":"default_layout","footnotes":""},"categories":[1],"tags":[],"class_list":["post-34859","post","type-post","status-publish","format-standard","has-post-thumbnail","hentry","category-destacadas"],"acf":[],"_links":{"self":[{"href":"https:\/\/vocesparalelas.com.ar\/sitio\/wp-json\/wp\/v2\/posts\/34859","targetHints":{"allow":["GET"]}}],"collection":[{"href":"https:\/\/vocesparalelas.com.ar\/sitio\/wp-json\/wp\/v2\/posts"}],"about":[{"href":"https:\/\/vocesparalelas.com.ar\/sitio\/wp-json\/wp\/v2\/types\/post"}],"author":[{"embeddable":true,"href":"https:\/\/vocesparalelas.com.ar\/sitio\/wp-json\/wp\/v2\/users\/3"}],"replies":[{"embeddable":true,"href":"https:\/\/vocesparalelas.com.ar\/sitio\/wp-json\/wp\/v2\/comments?post=34859"}],"version-history":[{"count":1,"href":"https:\/\/vocesparalelas.com.ar\/sitio\/wp-json\/wp\/v2\/posts\/34859\/revisions"}],"predecessor-version":[{"id":34862,"href":"https:\/\/vocesparalelas.com.ar\/sitio\/wp-json\/wp\/v2\/posts\/34859\/revisions\/34862"}],"wp:featuredmedia":[{"embeddable":true,"href":"https:\/\/vocesparalelas.com.ar\/sitio\/wp-json\/wp\/v2\/media\/34861"}],"wp:attachment":[{"href":"https:\/\/vocesparalelas.com.ar\/sitio\/wp-json\/wp\/v2\/media?parent=34859"}],"wp:term":[{"taxonomy":"category","embeddable":true,"href":"https:\/\/vocesparalelas.com.ar\/sitio\/wp-json\/wp\/v2\/categories?post=34859"},{"taxonomy":"post_tag","embeddable":true,"href":"https:\/\/vocesparalelas.com.ar\/sitio\/wp-json\/wp\/v2\/tags?post=34859"}],"curies":[{"name":"wp","href":"https:\/\/api.w.org\/{rel}","templated":true}]}}