{"id":34795,"date":"2021-02-03T20:55:59","date_gmt":"2021-02-03T23:55:59","guid":{"rendered":"http:\/\/vocesparalelas.com.ar\/sitio\/?p=34795"},"modified":"2021-02-03T20:57:47","modified_gmt":"2021-02-03T23:57:47","slug":"se-realizo-el-relevamiento-de-danos-en-la-infraestructura-de-los-edificios-de-la-fi-de-la-unsj","status":"publish","type":"post","link":"https:\/\/vocesparalelas.com.ar\/sitio\/se-realizo-el-relevamiento-de-danos-en-la-infraestructura-de-los-edificios-de-la-fi-de-la-unsj\/","title":{"rendered":"Se realiz\u00f3 el relevamiento de da\u00f1os en la infraestructura de los edificios de la FI de la UNSJ"},"content":{"rendered":"<p>El equipo de Decanato junto a Ingenieros Civiles especialistas en construcciones sismorresistentes, jefes de Departamentos e Institutos, UGREMA y autoridades de Rectorado, realizaron un recorrido por los distintos edificios que componen la Facultad de Ingenier\u00eda de la Universidad Nacional de San Juan, tras el Terremoto que sufri\u00f3 San Juan el 18 de Enero de 2021.<\/p>\n<p>El decano de la Facultad de Ingenier\u00eda, Mg. Ing. Tadeo Berenguer y el vicedecano, Esp. Ing. Mario Fern\u00e1ndez, convocaron a seis especialistas en estructuras sismorresistentes para realizar un relevamiento de da\u00f1os en infraestructura en los edificios de la Facultad de Ingenier\u00eda.<\/p>\n<p>Fueron cuatro d\u00edas de recorrido durante los cuales se fueron sumando diversos especialistas y autoridades para revisar las consecuencias del terremoto que se produjo en San Juan.<\/p>\n<p>Es importante recordar que, el epicentro fue en la Localidad de Media Agua, Departamento Sarmiento de la Provincia de San Juan. El movimiento alcanz\u00f3 6,4 grados en la escala de Richter, seg\u00fan inform\u00f3 el Instituto Nacional de Prevenci\u00f3n S\u00edsmica &#8211; INPRES.<\/p>\n<p><img loading=\"lazy\" decoding=\"async\" class=\"alignnone wp-image-34797 size-full\" src=\"https:\/\/vocesparalelas.com.ar\/sitio\/wp-content\/uploads\/2021\/02\/FI-TERREMOTO.jpg\" alt=\"\" width=\"800\" height=\"533\" srcset=\"https:\/\/vocesparalelas.com.ar\/sitio\/wp-content\/uploads\/2021\/02\/FI-TERREMOTO.jpg 800w, https:\/\/vocesparalelas.com.ar\/sitio\/wp-content\/uploads\/2021\/02\/FI-TERREMOTO-300x200.jpg 300w, https:\/\/vocesparalelas.com.ar\/sitio\/wp-content\/uploads\/2021\/02\/FI-TERREMOTO-768x512.jpg 768w\" sizes=\"auto, (max-width: 800px) 100vw, 800px\" \/><\/p>\n<p>El relevamiento comenz\u00f3 en el edificio \u201cPabell\u00f3n Central\u201d de la FI con un recorrido por aulas, ba\u00f1os y oficinas; con la finalidad de para observar el estado de las instalaciones. Ese mismo m\u00e9todo de observaci\u00f3n se replic\u00f3 en el resto de las dependencias de la Facultad. Se recorrieron los edificios de Ingenier\u00eda Electromec\u00e1nica, el Instituto de Ingenier\u00eda El\u00e9ctrica \u2013 IIE -, el Instituto de Investigaciones Mineras \u2013 IIM -, El Instituto de Autom\u00e1tica \u2013 INAUT -, el edificio de Ingenier\u00eda Civil junto al edificio Costantini y el de Ingenier\u00eda Agron\u00f3mica INTA-UNSJ, ubicado en Calle 11 y Vidart, Villa Aberastain, Pocito.<\/p>\n<p>Una vez finalizado el recorrido por toda la Unidad Acad\u00e9mica se detallar\u00e1n en un informe todos los pormenores que surgieron luego del sismo. De este modo, se determinar\u00e1 en qu\u00e9 estado se encuentran los edificios de la Facultad y cu\u00e1les ser\u00e1n los pasos a seguir para brindar a toda la comunidad universitaria la seguridad estructural de las construcciones afectadas por el terremoto.<\/p>\n<ul>\n<li><span style=\"color: #99cc00;\"><strong>Conformaron la comisi\u00f3n de relevamiento:<\/strong><\/span> Ing. Alberto Massanet; Ing. Aldo Zaragoza; Ing. Rodolfo Garc\u00eda; Ing. Ra\u00fal Moreno; Mg. Ing. Jos\u00e9 Luis Bustos; Ing. Daniel Soria<\/li>\n<li><strong style=\"line-height: 1.5;\"><span style=\"color: #99cc00;\">Autoridades Decanato:<\/span><\/strong><span style=\"line-height: 1.5;\"> Mg. Ing. Tadeo Berenguer; Esp. Ing. Mario Fern\u00e1ndez; Dr. Ing. Eric Laciar Leber; Ing. Marcelo Codon; Mg. Ing. Ra\u00fal Navas; Ing. Marcos Facchini; Ing. Ingrid Suarez; CPN C\u00e9sar Aguirre.<\/span><\/li>\n<li><strong style=\"line-height: 1.5;\"><span style=\"color: #99cc00;\">UGREMA:<\/span> <\/strong><span style=\"line-height: 1.5;\">Esp. Bioing. Lourdes Camargo<\/span><\/li>\n<li><span style=\"color: #99cc00;\"><strong>Autoridades Rectorado:<\/strong><\/span><span style=\"line-height: 1.5;\"> CPN Pablo Pad\u00edn; Lic. Patricio Bustos<\/span><\/li>\n<li><strong style=\"line-height: 1.5;\"><span style=\"color: #99cc00;\">Autoridades de Departamento o Institutos:<\/span> <\/strong><span style=\"line-height: 1.5;\">Mg. Ing. Jos\u00e9 Luis Bustos, Jefe del Departamento Matem\u00e1tica; Ing. Leiva, Subjefe del Departamento F\u00edsica; Ing. Ra\u00fal Francile, Jefe del Departamento Ingenier\u00eda Civil; Ing. Esteban Rojos, Jefe del Departamento Ingenier\u00eda Electromec\u00e1nica; Dr. Ing. Vicente Mut, Director del Instituto de Autom\u00e1tica; Dra. Ing. Graciela Colom\u00e9, Directora del Departamento de Estudios de Posgrado; Ing. Sergio Navas, Director Gabinete de Computaci\u00f3n.<\/span><\/li>\n<li><span style=\"color: #99cc00;\"><strong>Personal PAU:<\/strong><\/span><span style=\"line-height: 1.5;\"> Marcelo Sillero, Departamento Alumnos; Amaro Bustos, Bedel; Velia Quiroga, Biblioteca; Gustavo Reta, Imprenta; Jorge Pacheco, Departamento Electromec\u00e1nica; Francisco Donicci, Departamento F\u00edsica.<\/span><\/li>\n<\/ul>\n<p>&nbsp;<\/p>\n<p>&nbsp;<\/p>\n","protected":false},"excerpt":{"rendered":"<p>El equipo de Decanato junto a Ingenieros Civiles especialistas en construcciones sismorresistentes, jefes de Departamentos e Institutos, UGREMA y autoridades<\/p>\n","protected":false},"author":3,"featured_media":23028,"comment_status":"closed","ping_status":"closed","sticky":false,"template":"","format":"standard","meta":{"_acf_changed":false,"_seopress_robots_primary_cat":"none","_seopress_titles_title":"","_seopress_titles_desc":"","_seopress_robots_index":"","colormag_page_container_layout":"default_layout","colormag_page_sidebar_layout":"default_layout","footnotes":""},"categories":[1],"tags":[],"class_list":["post-34795","post","type-post","status-publish","format-standard","has-post-thumbnail","hentry","category-destacadas"],"acf":[],"_links":{"self":[{"href":"https:\/\/vocesparalelas.com.ar\/sitio\/wp-json\/wp\/v2\/posts\/34795","targetHints":{"allow":["GET"]}}],"collection":[{"href":"https:\/\/vocesparalelas.com.ar\/sitio\/wp-json\/wp\/v2\/posts"}],"about":[{"href":"https:\/\/vocesparalelas.com.ar\/sitio\/wp-json\/wp\/v2\/types\/post"}],"author":[{"embeddable":true,"href":"https:\/\/vocesparalelas.com.ar\/sitio\/wp-json\/wp\/v2\/users\/3"}],"replies":[{"embeddable":true,"href":"https:\/\/vocesparalelas.com.ar\/sitio\/wp-json\/wp\/v2\/comments?post=34795"}],"version-history":[{"count":1,"href":"https:\/\/vocesparalelas.com.ar\/sitio\/wp-json\/wp\/v2\/posts\/34795\/revisions"}],"predecessor-version":[{"id":34798,"href":"https:\/\/vocesparalelas.com.ar\/sitio\/wp-json\/wp\/v2\/posts\/34795\/revisions\/34798"}],"wp:featuredmedia":[{"embeddable":true,"href":"https:\/\/vocesparalelas.com.ar\/sitio\/wp-json\/wp\/v2\/media\/23028"}],"wp:attachment":[{"href":"https:\/\/vocesparalelas.com.ar\/sitio\/wp-json\/wp\/v2\/media?parent=34795"}],"wp:term":[{"taxonomy":"category","embeddable":true,"href":"https:\/\/vocesparalelas.com.ar\/sitio\/wp-json\/wp\/v2\/categories?post=34795"},{"taxonomy":"post_tag","embeddable":true,"href":"https:\/\/vocesparalelas.com.ar\/sitio\/wp-json\/wp\/v2\/tags?post=34795"}],"curies":[{"name":"wp","href":"https:\/\/api.w.org\/{rel}","templated":true}]}}