{"id":34786,"date":"2021-02-03T20:08:18","date_gmt":"2021-02-03T23:08:18","guid":{"rendered":"http:\/\/vocesparalelas.com.ar\/sitio\/?p=34786"},"modified":"2021-02-04T20:51:22","modified_gmt":"2021-02-04T23:51:22","slug":"concurso-global-teacher-prize-2020","status":"publish","type":"post","link":"https:\/\/vocesparalelas.com.ar\/sitio\/concurso-global-teacher-prize-2020\/","title":{"rendered":"Concurso Global Teacher Prize 2020"},"content":{"rendered":"<p>Por s\u00e9ptimo a\u00f1o consecutivo, la Fundaci\u00f3n Varkey, en alianza con la UNESCO, alienta a los docentes de la Argentina a postularse al premio 2021. La fecha l\u00edmite es el viernes 30 de abril. Habr\u00e1 tambi\u00e9n un premio para estudiantes. Todo lo que hay que saber.<\/p>\n<p>El 3 de Diciembre de 2020, el gesto de sorpresa del maestro indio Ranjitsinh Disale conmovi\u00f3 al mundo entero cuando, ceremonia virtual mediante, lo nombraron ganador del Global Teacher Prize 2020 considerado como el \u201cNobel de Educaci\u00f3n\u201d. Sentado en el sill\u00f3n de su casa y en compa\u00f1\u00eda de su familia, el docente de la Escuela Primaria Zilla Parishad, en Paritewadi, una peque\u00f1a aldea india se consagr\u00f3 entre m\u00e1s de 12 mil nominaciones a docentes de 140 pa\u00edses y recibi\u00f3 el premio de un mill\u00f3n de d\u00f3lares.<\/p>\n<p>El Martes, 2 de Febrero, Ranjitsinh Disale invit\u00f3 a los docentes de la Argentina a postularse para la edici\u00f3n 2021 del premio que, en oportunidades anteriores, ya tuvo entre los finalistas a maestros de nuestro pa\u00eds. Tal es el caso de Mar\u00eda Cristina G\u00f3mez, docente de Historia, Formaci\u00f3n \u00c9tica, Ciudadan\u00eda y Sociolog\u00eda en la Escuela N\u00b0572 El Ceibo y Santa Margarita N\u00b0 8185 Rosario, Santa Fe; y Mart\u00edn Salvetti, Jefe de \u00c1rea de Automotores y responsable de Formaci\u00f3n Profesional para Adultos en la EEST N\u00b05 \u201c2 de Abril\u201d, de Temperley: ambos seleccionados entre los diez mejores del mundo, en la edici\u00f3n 2019 del Global Teacher Prize.<\/p>\n<p>\u201cLos heroicos maestros argentinos han hecho todo lo posible durante la pandemia para que los j\u00f3venes sigan aprendiendo. Como sucedi\u00f3 en gran parte del mundo, el COVID ha dado vuelta a la Argentina y, ser\u00e1n los maestros y estudiantes los que con su liderazgo reconstruir\u00e1n la naci\u00f3n. Debemos reconocer su trabajo inspirador en cada rinc\u00f3n de la Argentina si queremos construir un futuro mejor\u201d, sostuvo Ranjitsinh Disale.<\/p>\n<p>En sinton\u00eda, el Director Regional para Latinoam\u00e9rica de Fundaci\u00f3n Varkey, Agust\u00edn Porres, agreg\u00f3: \u201cUna vez m\u00e1s, estamos buscando a esos grandes docentes de Am\u00e9rica Latina y el mundo para reconocerlos por la enorme tarea que hacen. Agradezcamos su compromiso, su capacidad para confiar en los estudiantes y generar el deseo de aprender. Los docentes no s\u00f3lo aprenden y ense\u00f1an, sino que inspiran la transformaci\u00f3n del otro. Todos nosotros conocemos a un gran docente. Nomin\u00e9moslos\u201d.<\/p>\n<figure id=\"attachment_34789\" aria-describedby=\"caption-attachment-34789\" style=\"width: 800px\" class=\"wp-caption alignnone\"><img loading=\"lazy\" decoding=\"async\" class=\"wp-image-34789 size-full\" src=\"https:\/\/vocesparalelas.com.ar\/sitio\/wp-content\/uploads\/2021\/02\/MAESTRO-MUNDIAL-02.jpg\" alt=\"\" width=\"800\" height=\"450\" srcset=\"https:\/\/vocesparalelas.com.ar\/sitio\/wp-content\/uploads\/2021\/02\/MAESTRO-MUNDIAL-02.jpg 800w, https:\/\/vocesparalelas.com.ar\/sitio\/wp-content\/uploads\/2021\/02\/MAESTRO-MUNDIAL-02-300x169.jpg 300w, https:\/\/vocesparalelas.com.ar\/sitio\/wp-content\/uploads\/2021\/02\/MAESTRO-MUNDIAL-02-768x432.jpg 768w\" sizes=\"auto, (max-width: 800px) 100vw, 800px\" \/><figcaption id=\"caption-attachment-34789\" class=\"wp-caption-text\">El gesto de Ranjitsinh Disale tras saberse ganador de la sexta edici\u00f3n del Global Teacher Prize 2020<\/figcaption><\/figure>\n<p>Adem\u00e1s, el maestro indio invit\u00f3 por primera vez a los estudiantes argentinos a ser parte de su nuevo premio hermano: el Chegg.org Global Student Prize de 50 mil d\u00f3lares, que busca resaltar en todo el mundo los esfuerzos de estudiantes extraordinarios, que est\u00e1n teniendo un impacto real en el aprendizaje, las vidas de sus compa\u00f1eros y de la sociedad en general.<\/p>\n<p>Este nuevo premio est\u00e1 abierto a todos los estudiantes que tengan al menos 16 a\u00f1os y est\u00e9n inscriptos en una instituci\u00f3n acad\u00e9mica o programa de capacitaci\u00f3n y habilidades. Los estudiantes a tiempo parcial, as\u00ed como los estudiantes inscriptos en cursos en l\u00ednea, tambi\u00e9n pueden participar del nuevo premio.<\/p>\n<p>Juntos, el Global Teacher Prize y el Global Student Prize, buscar\u00e1n recoger historias inspiradoras de ambas caras de la educaci\u00f3n. Los premios destacar\u00e1n el gran trabajo que hacen los maestros al preparar a los j\u00f3venes para el futuro y las promesas que los estudiantes est\u00e1n mostrando en su aprendizaje.<\/p>\n<p>\u201cAmbos reconocimientos se han lanzado para resaltar la importancia de la educaci\u00f3n a la hora de abordar los grandes desaf\u00edos que nos esperan, desde el cambio clim\u00e1tico, hasta la creciente desigualdad y las pandemias mundiales. Con los l\u00edderes mundiales ocupados en la tarea de mitigar esta terrible pandemia, los insto a que nunca olviden que solo dando prioridad a la educaci\u00f3n podremos salvaguardar nuestro futuro. La educaci\u00f3n es la clave para poder enfrentar el futuro con confianza\u201d, dijo Sunny Varkey, fundador de ambos premios.<\/p>\n<p>Los docentes que apliquen al Global Teacher Prize ser\u00e1n evaluados sobre las pr\u00e1cticas de ense\u00f1anza, la forma en la que abordan los desaf\u00edos locales, los resultados de aprendizaje demostrables, el impacto en la comunidad m\u00e1s all\u00e1 del aula, su ayuda a los ni\u00f1os para convertirse en ciudadanos del mundo y su aporte para mejorar la profesi\u00f3n docente y el reconocimiento de organismos externos. Los estudiantes que apliquen al Global Student Prize ser\u00e1n evaluados en funci\u00f3n de su rendimiento acad\u00e9mico, el impacto en sus compa\u00f1eros, c\u00f3mo marcan la diferencia en su comunidad y m\u00e1s all\u00e1 de eso, c\u00f3mo demuestran creatividad e innovaci\u00f3n como ciudadanos globales.<\/p>\n<figure id=\"attachment_34788\" aria-describedby=\"caption-attachment-34788\" style=\"width: 800px\" class=\"wp-caption alignnone\"><img loading=\"lazy\" decoding=\"async\" class=\"wp-image-34788 size-full\" src=\"https:\/\/vocesparalelas.com.ar\/sitio\/wp-content\/uploads\/2021\/02\/MAESTRO-MUNDIAL-01.jpg\" alt=\"\" width=\"800\" height=\"450\" srcset=\"https:\/\/vocesparalelas.com.ar\/sitio\/wp-content\/uploads\/2021\/02\/MAESTRO-MUNDIAL-01.jpg 800w, https:\/\/vocesparalelas.com.ar\/sitio\/wp-content\/uploads\/2021\/02\/MAESTRO-MUNDIAL-01-300x169.jpg 300w, https:\/\/vocesparalelas.com.ar\/sitio\/wp-content\/uploads\/2021\/02\/MAESTRO-MUNDIAL-01-768x432.jpg 768w\" sizes=\"auto, (max-width: 800px) 100vw, 800px\" \/><figcaption id=\"caption-attachment-34788\" class=\"wp-caption-text\">Ranjitsinh Disale invit\u00f3 a los docentes de la Argentina a postularse para la edici\u00f3n 2021 del Global Teacher Prize<\/figcaption><\/figure>\n<p>Los postulantes al Global Teacher Prize y al Global Student Prize pueden presentar sus postulaciones en <a href=\"http:\/\/www.globalteacherprize.org\/\">www.globalteacherprize.org<\/a> y la fecha l\u00edmite hacerlo es el Viernes, 30 de Abril de 2021.<\/p>\n<p>Ambos premios conformar\u00e1n las listas de finalistas del Top 50, primero, y los finalistas del Top 10, despu\u00e9s. Esto contribuir\u00e1 a elevar el estatus de la profesi\u00f3n docente y brindar\u00e1 reconocimiento mundial a los grandes estudiantes. Los ganadores de ambos premios ser\u00e1n elegidos por la Academia del Global Teacher Prize y anunciados en vivo en una ceremonia a fin de a\u00f1o.<\/p>\n<p>Si se nomina a docentes o estudiantes, la persona que los nomina deber\u00e1 completar una breve descripci\u00f3n en l\u00ednea. A continuaci\u00f3n, se enviar\u00e1 un correo electr\u00f3nico al profesor o alumno nominado para informarle que ha sido nominado e invitarle a postularse al premio.<\/p>\n<p>&nbsp;<\/p>\n<p>&nbsp;<\/p>\n<p>&nbsp;<\/p>\n","protected":false},"excerpt":{"rendered":"<p>Por s\u00e9ptimo a\u00f1o consecutivo, la Fundaci\u00f3n Varkey, en alianza con la UNESCO, alienta a los docentes de la Argentina a<\/p>\n","protected":false},"author":3,"featured_media":34790,"comment_status":"closed","ping_status":"closed","sticky":false,"template":"","format":"standard","meta":{"_acf_changed":false,"_seopress_robots_primary_cat":"none","_seopress_titles_title":"","_seopress_titles_desc":"","_seopress_robots_index":"","colormag_page_container_layout":"default_layout","colormag_page_sidebar_layout":"default_layout","footnotes":""},"categories":[8],"tags":[],"class_list":["post-34786","post","type-post","status-publish","format-standard","has-post-thumbnail","hentry","category-concursos"],"acf":[],"_links":{"self":[{"href":"https:\/\/vocesparalelas.com.ar\/sitio\/wp-json\/wp\/v2\/posts\/34786","targetHints":{"allow":["GET"]}}],"collection":[{"href":"https:\/\/vocesparalelas.com.ar\/sitio\/wp-json\/wp\/v2\/posts"}],"about":[{"href":"https:\/\/vocesparalelas.com.ar\/sitio\/wp-json\/wp\/v2\/types\/post"}],"author":[{"embeddable":true,"href":"https:\/\/vocesparalelas.com.ar\/sitio\/wp-json\/wp\/v2\/users\/3"}],"replies":[{"embeddable":true,"href":"https:\/\/vocesparalelas.com.ar\/sitio\/wp-json\/wp\/v2\/comments?post=34786"}],"version-history":[{"count":1,"href":"https:\/\/vocesparalelas.com.ar\/sitio\/wp-json\/wp\/v2\/posts\/34786\/revisions"}],"predecessor-version":[{"id":34791,"href":"https:\/\/vocesparalelas.com.ar\/sitio\/wp-json\/wp\/v2\/posts\/34786\/revisions\/34791"}],"wp:featuredmedia":[{"embeddable":true,"href":"https:\/\/vocesparalelas.com.ar\/sitio\/wp-json\/wp\/v2\/media\/34790"}],"wp:attachment":[{"href":"https:\/\/vocesparalelas.com.ar\/sitio\/wp-json\/wp\/v2\/media?parent=34786"}],"wp:term":[{"taxonomy":"category","embeddable":true,"href":"https:\/\/vocesparalelas.com.ar\/sitio\/wp-json\/wp\/v2\/categories?post=34786"},{"taxonomy":"post_tag","embeddable":true,"href":"https:\/\/vocesparalelas.com.ar\/sitio\/wp-json\/wp\/v2\/tags?post=34786"}],"curies":[{"name":"wp","href":"https:\/\/api.w.org\/{rel}","templated":true}]}}