{"id":34780,"date":"2021-02-03T00:04:39","date_gmt":"2021-02-03T03:04:39","guid":{"rendered":"http:\/\/vocesparalelas.com.ar\/sitio\/?p=34780"},"modified":"2021-02-03T00:04:39","modified_gmt":"2021-02-03T03:04:39","slug":"alumnos-de-la-unsj-interesados-por-el-funcionamiento-de-la-redtulum","status":"publish","type":"post","link":"https:\/\/vocesparalelas.com.ar\/sitio\/alumnos-de-la-unsj-interesados-por-el-funcionamiento-de-la-redtulum\/","title":{"rendered":"Alumnos de la UNSJ interesados por el funcionamiento de la RedTulum"},"content":{"rendered":"<p>Luego de manifestar algunas inquietudes respecto a la nueva red de transporte p\u00fablico, la agrupaci\u00f3n estudiantil Creando UNSJ fue recibida por la ministro de Gobierno, el secretario de Tr\u00e1nsito y Transporte, Lic. Jorge Armend\u00e1riz y el director de Transporte Arq. Carlos Romero, para entender con mayor claridad el funcionamiento de RedTulum, y sobre todo, poder trasmitirlo al resto de la comunidad universitaria.<\/p>\n<p>La principal duda gir\u00f3 en torno a la posibilidad de que RedTulum dejara sin recorridos a muchos estudiantes que viajan en colectivo hasta sus facultades, sobre todo a las sedes universitarias ubicadas en Rivadavia.<\/p>\n<p><img loading=\"lazy\" decoding=\"async\" class=\"alignnone wp-image-34784 size-full\" src=\"https:\/\/vocesparalelas.com.ar\/sitio\/wp-content\/uploads\/2021\/02\/REDTULUM-UNSJ-03.jpg\" alt=\"\" width=\"800\" height=\"533\" srcset=\"https:\/\/vocesparalelas.com.ar\/sitio\/wp-content\/uploads\/2021\/02\/REDTULUM-UNSJ-03.jpg 800w, https:\/\/vocesparalelas.com.ar\/sitio\/wp-content\/uploads\/2021\/02\/REDTULUM-UNSJ-03-300x200.jpg 300w, https:\/\/vocesparalelas.com.ar\/sitio\/wp-content\/uploads\/2021\/02\/REDTULUM-UNSJ-03-768x512.jpg 768w\" sizes=\"auto, (max-width: 800px) 100vw, 800px\" \/><\/p>\n<p>Lo cierto es que, por el contrario, el acceso a las universidades fue una prioridad en el armado de RedTulum, sobre todo en la reducci\u00f3n de los tiempos de viaje y de espera, principalmente en departamentos desde los que cada estudiante pod\u00eda demorar hasta 4 horas en un viaje solo de ida.<\/p>\n<p>\u201cSe trata de una soluci\u00f3n hist\u00f3rica para las universitarias y los universitarios, las demoras innecesarias y la mala distribuci\u00f3n de las l\u00edneas ser\u00e1n parte del pasado\u201d, manifest\u00f3 Aubone.<\/p>\n<p>Por su parte, los referentes estudiantiles se mostraron agradecidos y comprometidos a mantener el di\u00e1logo y, as\u00ed, poder colaborar en este proceso de transformaci\u00f3n para San Juan.<\/p>\n<p>\u201cDesde Creando agradecemos a la titular del Ministerio de Gobierno, Dra. Fabiola Aubone por explicarnos c\u00f3mo funcionar\u00e1 la Red Tulum. Este sistema que regir\u00e1 nuestro transporte p\u00fablico le da una centralidad a la posibilidad de llegar al CUIM a quienes vienen desde diferentes departamentos e incluso con las terminales de trasbordo reducir\u00e1 el gasto\u201d manifestaron en sus redes sociales, y agregaron: \u201cComo todo cambio radical, requiere que juntos vayamos adaptando nuestras rutinas a \u00e9l y por eso, contaremos con todo el material necesario y las capacitaciones para que lo vivamos de la manera m\u00e1s simple posible\u201d.<\/p>\n<p><img loading=\"lazy\" decoding=\"async\" class=\"alignnone wp-image-34783 size-full\" src=\"https:\/\/vocesparalelas.com.ar\/sitio\/wp-content\/uploads\/2021\/02\/REDTULUM-UNSJ-02.jpg\" alt=\"\" width=\"800\" height=\"533\" srcset=\"https:\/\/vocesparalelas.com.ar\/sitio\/wp-content\/uploads\/2021\/02\/REDTULUM-UNSJ-02.jpg 800w, https:\/\/vocesparalelas.com.ar\/sitio\/wp-content\/uploads\/2021\/02\/REDTULUM-UNSJ-02-300x200.jpg 300w, https:\/\/vocesparalelas.com.ar\/sitio\/wp-content\/uploads\/2021\/02\/REDTULUM-UNSJ-02-768x512.jpg 768w\" sizes=\"auto, (max-width: 800px) 100vw, 800px\" \/><\/p>\n<p>&nbsp;<\/p>\n<p>&nbsp;<\/p>\n","protected":false},"excerpt":{"rendered":"<p>Luego de manifestar algunas inquietudes respecto a la nueva red de transporte p\u00fablico, la agrupaci\u00f3n estudiantil Creando UNSJ fue recibida<\/p>\n","protected":false},"author":3,"featured_media":34782,"comment_status":"closed","ping_status":"closed","sticky":false,"template":"","format":"standard","meta":{"_acf_changed":false,"_seopress_robots_primary_cat":"none","_seopress_titles_title":"","_seopress_titles_desc":"","_seopress_robots_index":"","colormag_page_container_layout":"default_layout","colormag_page_sidebar_layout":"default_layout","footnotes":""},"categories":[1],"tags":[],"class_list":["post-34780","post","type-post","status-publish","format-standard","has-post-thumbnail","hentry","category-destacadas"],"acf":[],"_links":{"self":[{"href":"https:\/\/vocesparalelas.com.ar\/sitio\/wp-json\/wp\/v2\/posts\/34780","targetHints":{"allow":["GET"]}}],"collection":[{"href":"https:\/\/vocesparalelas.com.ar\/sitio\/wp-json\/wp\/v2\/posts"}],"about":[{"href":"https:\/\/vocesparalelas.com.ar\/sitio\/wp-json\/wp\/v2\/types\/post"}],"author":[{"embeddable":true,"href":"https:\/\/vocesparalelas.com.ar\/sitio\/wp-json\/wp\/v2\/users\/3"}],"replies":[{"embeddable":true,"href":"https:\/\/vocesparalelas.com.ar\/sitio\/wp-json\/wp\/v2\/comments?post=34780"}],"version-history":[{"count":1,"href":"https:\/\/vocesparalelas.com.ar\/sitio\/wp-json\/wp\/v2\/posts\/34780\/revisions"}],"predecessor-version":[{"id":34785,"href":"https:\/\/vocesparalelas.com.ar\/sitio\/wp-json\/wp\/v2\/posts\/34780\/revisions\/34785"}],"wp:featuredmedia":[{"embeddable":true,"href":"https:\/\/vocesparalelas.com.ar\/sitio\/wp-json\/wp\/v2\/media\/34782"}],"wp:attachment":[{"href":"https:\/\/vocesparalelas.com.ar\/sitio\/wp-json\/wp\/v2\/media?parent=34780"}],"wp:term":[{"taxonomy":"category","embeddable":true,"href":"https:\/\/vocesparalelas.com.ar\/sitio\/wp-json\/wp\/v2\/categories?post=34780"},{"taxonomy":"post_tag","embeddable":true,"href":"https:\/\/vocesparalelas.com.ar\/sitio\/wp-json\/wp\/v2\/tags?post=34780"}],"curies":[{"name":"wp","href":"https:\/\/api.w.org\/{rel}","templated":true}]}}