{"id":34776,"date":"2021-02-02T23:18:43","date_gmt":"2021-02-03T02:18:43","guid":{"rendered":"http:\/\/vocesparalelas.com.ar\/sitio\/?p=34776"},"modified":"2021-02-04T22:09:52","modified_gmt":"2021-02-05T01:09:52","slug":"se-realizo-la-1-paritaria-docente-de-la-unsj-2021","status":"publish","type":"post","link":"https:\/\/vocesparalelas.com.ar\/sitio\/se-realizo-la-1-paritaria-docente-de-la-unsj-2021\/","title":{"rendered":"Se realiz\u00f3 la 1\u00b0 Paritaria Docente de la UNSJ 2021"},"content":{"rendered":"<p>El \u00a0Martes, 02 de Febrero de 2021, se realiz\u00f3 la primera reuni\u00f3n de la paritaria local docente de la UNSJ, donde participaron los miembros paritarios de ADICUS.<\/p>\n<p>En la misma se acord\u00f3, en primer lugar, la voluntad de todas las partes que las actividades acad\u00e9micas se lleven adelante bajo la modalidad semi presencialidad a partir de esta reuni\u00f3n paritaria.<\/p>\n<p>En segundo lugar, se convoc\u00f3 a una reuni\u00f3n para el Lunes, 8 de Febrero, para proceder con la regularizaci\u00f3n de los cargos de los docentes que fueron informados por las CUT de las unidades acad\u00e9micas.<\/p>\n<p>Por \u00faltimo, se convocar\u00e1 a una nueva reuni\u00f3n para continuar con los temas acordados previamente, entre ellos la lectura de los informes que elevar\u00e1n las respectivas comisiones sobre la sanitizaci\u00f3n y las condiciones edilicias de cada unidad acad\u00e9mica para poder evaluar correctamente el regreso a la presencialidad.<\/p>\n<p>Como as\u00ed tambi\u00e9n se tratar\u00e1 sobre el pago de la correcci\u00f3n de los ex\u00e1menes para el ingreso a los colegios preuniversitarios.<\/p>\n<p>_#ADICUS_ _#ElGremioUniversitario_<\/p>\n<p>&nbsp;<\/p>\n<p>&nbsp;<\/p>\n","protected":false},"excerpt":{"rendered":"<p>El \u00a0Martes, 02 de Febrero de 2021, se realiz\u00f3 la primera reuni\u00f3n de la paritaria local docente de la UNSJ,<\/p>\n","protected":false},"author":3,"featured_media":34778,"comment_status":"closed","ping_status":"closed","sticky":false,"template":"","format":"standard","meta":{"_acf_changed":false,"_seopress_robots_primary_cat":"none","_seopress_titles_title":"","_seopress_titles_desc":"","_seopress_robots_index":"","colormag_page_container_layout":"default_layout","colormag_page_sidebar_layout":"default_layout","footnotes":""},"categories":[5],"tags":[],"class_list":["post-34776","post","type-post","status-publish","format-standard","has-post-thumbnail","hentry","category-ofrecimientos"],"acf":[],"_links":{"self":[{"href":"https:\/\/vocesparalelas.com.ar\/sitio\/wp-json\/wp\/v2\/posts\/34776","targetHints":{"allow":["GET"]}}],"collection":[{"href":"https:\/\/vocesparalelas.com.ar\/sitio\/wp-json\/wp\/v2\/posts"}],"about":[{"href":"https:\/\/vocesparalelas.com.ar\/sitio\/wp-json\/wp\/v2\/types\/post"}],"author":[{"embeddable":true,"href":"https:\/\/vocesparalelas.com.ar\/sitio\/wp-json\/wp\/v2\/users\/3"}],"replies":[{"embeddable":true,"href":"https:\/\/vocesparalelas.com.ar\/sitio\/wp-json\/wp\/v2\/comments?post=34776"}],"version-history":[{"count":1,"href":"https:\/\/vocesparalelas.com.ar\/sitio\/wp-json\/wp\/v2\/posts\/34776\/revisions"}],"predecessor-version":[{"id":34779,"href":"https:\/\/vocesparalelas.com.ar\/sitio\/wp-json\/wp\/v2\/posts\/34776\/revisions\/34779"}],"wp:featuredmedia":[{"embeddable":true,"href":"https:\/\/vocesparalelas.com.ar\/sitio\/wp-json\/wp\/v2\/media\/34778"}],"wp:attachment":[{"href":"https:\/\/vocesparalelas.com.ar\/sitio\/wp-json\/wp\/v2\/media?parent=34776"}],"wp:term":[{"taxonomy":"category","embeddable":true,"href":"https:\/\/vocesparalelas.com.ar\/sitio\/wp-json\/wp\/v2\/categories?post=34776"},{"taxonomy":"post_tag","embeddable":true,"href":"https:\/\/vocesparalelas.com.ar\/sitio\/wp-json\/wp\/v2\/tags?post=34776"}],"curies":[{"name":"wp","href":"https:\/\/api.w.org\/{rel}","templated":true}]}}