{"id":34772,"date":"2021-02-02T23:00:25","date_gmt":"2021-02-03T02:00:25","guid":{"rendered":"http:\/\/vocesparalelas.com.ar\/sitio\/?p=34772"},"modified":"2021-02-05T00:01:17","modified_gmt":"2021-02-05T03:01:17","slug":"17-863-trabajadores-de-educacion-de-san-juan-necesitan-recibir-la-vacuna-contra-el-covid-19","status":"publish","type":"post","link":"https:\/\/vocesparalelas.com.ar\/sitio\/17-863-trabajadores-de-educacion-de-san-juan-necesitan-recibir-la-vacuna-contra-el-covid-19\/","title":{"rendered":"17.863 trabajadores de educaci\u00f3n de San Juan necesitan recibir la vacuna contra el COVID-19"},"content":{"rendered":"<p>Dando cumplimiento al pedido del ministro de Educaci\u00f3n de la Naci\u00f3n, Dr. Nicol\u00e1s Trotta, el Ministro de Educaci\u00f3n del Gobierno de San Juan, Lic. \u00a0Felipe De Los R\u00edos, entreg\u00f3 al secretario t\u00e9cnico del Ministerio de Salud y a la jefa del Programa Provincial de Inmunizaciones, Lic. Marita Sosa Yang, el informe sobre el personal de los establecimientos educativos y docentes considerados <strong>p<\/strong>rioritarios para ser vacunados contra el COVID-19.<\/p>\n<p>Esta informaci\u00f3n es esencial para que Naci\u00f3n y Provincia puedan diagramar coordinadamente el cronograma de inmunizaci\u00f3n preventiva en base a la cantidad de personas y dosis de la vacuna provistas por Naci\u00f3n.<\/p>\n<p>Cabe destacar que del acto participaron y se les entreg\u00f3 una copia del informe a los secretarios generales de los gremios docentes: Luis Lucero, de UDAP; Julio Rosa, de UDA y Daniel Quiroga, de AMET.<\/p>\n<p>El informe establece el orden de prioridades y cantidad de personas, seg\u00fan el siguiente detalle:<\/p>\n<ul>\n<li>I- Docentes de Nivel Inicial, Primer Ciclo de Nivel Primario y Educaci\u00f3n Especial: totalizan 8.081 educadores<\/li>\n<li>II- Directivos de todos los niveles educativos de educaci\u00f3n obligatoria: 798 educadores<\/li>\n<li>III y IV- Docentes de Nivel Secundario: 5474 educadores<\/li>\n<li>V- Auxiliares y administrativos de todos los niveles de educaci\u00f3n obligatoria, sin contacto con los estudiantes: 2542 educadores<\/li>\n<li>VI- Docentes y no docentes de los Institutos de Educaci\u00f3n Superior: 968 educadores<\/li>\n<li>Totalizan: 17.863 personas<\/li>\n<\/ul>\n<p>&nbsp;<\/p>\n<p>&nbsp;<\/p>\n","protected":false},"excerpt":{"rendered":"<p>Dando cumplimiento al pedido del ministro de Educaci\u00f3n de la Naci\u00f3n, Dr. Nicol\u00e1s Trotta, el Ministro de Educaci\u00f3n del Gobierno<\/p>\n","protected":false},"author":3,"featured_media":34775,"comment_status":"closed","ping_status":"closed","sticky":false,"template":"","format":"standard","meta":{"_acf_changed":false,"_seopress_robots_primary_cat":"none","_seopress_titles_title":"","_seopress_titles_desc":"","_seopress_robots_index":"","colormag_page_container_layout":"default_layout","colormag_page_sidebar_layout":"default_layout","footnotes":""},"categories":[5],"tags":[],"class_list":["post-34772","post","type-post","status-publish","format-standard","has-post-thumbnail","hentry","category-ofrecimientos"],"acf":[],"_links":{"self":[{"href":"https:\/\/vocesparalelas.com.ar\/sitio\/wp-json\/wp\/v2\/posts\/34772","targetHints":{"allow":["GET"]}}],"collection":[{"href":"https:\/\/vocesparalelas.com.ar\/sitio\/wp-json\/wp\/v2\/posts"}],"about":[{"href":"https:\/\/vocesparalelas.com.ar\/sitio\/wp-json\/wp\/v2\/types\/post"}],"author":[{"embeddable":true,"href":"https:\/\/vocesparalelas.com.ar\/sitio\/wp-json\/wp\/v2\/users\/3"}],"replies":[{"embeddable":true,"href":"https:\/\/vocesparalelas.com.ar\/sitio\/wp-json\/wp\/v2\/comments?post=34772"}],"version-history":[{"count":1,"href":"https:\/\/vocesparalelas.com.ar\/sitio\/wp-json\/wp\/v2\/posts\/34772\/revisions"}],"predecessor-version":[{"id":34774,"href":"https:\/\/vocesparalelas.com.ar\/sitio\/wp-json\/wp\/v2\/posts\/34772\/revisions\/34774"}],"wp:featuredmedia":[{"embeddable":true,"href":"https:\/\/vocesparalelas.com.ar\/sitio\/wp-json\/wp\/v2\/media\/34775"}],"wp:attachment":[{"href":"https:\/\/vocesparalelas.com.ar\/sitio\/wp-json\/wp\/v2\/media?parent=34772"}],"wp:term":[{"taxonomy":"category","embeddable":true,"href":"https:\/\/vocesparalelas.com.ar\/sitio\/wp-json\/wp\/v2\/categories?post=34772"},{"taxonomy":"post_tag","embeddable":true,"href":"https:\/\/vocesparalelas.com.ar\/sitio\/wp-json\/wp\/v2\/tags?post=34772"}],"curies":[{"name":"wp","href":"https:\/\/api.w.org\/{rel}","templated":true}]}}