{"id":34764,"date":"2021-02-02T22:33:00","date_gmt":"2021-02-03T01:33:00","guid":{"rendered":"http:\/\/vocesparalelas.com.ar\/sitio\/?p=34764"},"modified":"2021-02-03T21:31:28","modified_gmt":"2021-02-04T00:31:28","slug":"asociart-art-es-la-nueva-aseguradora-de-riesgo-de-trabajo-en-san-juan","status":"publish","type":"post","link":"https:\/\/vocesparalelas.com.ar\/sitio\/asociart-art-es-la-nueva-aseguradora-de-riesgo-de-trabajo-en-san-juan\/","title":{"rendered":"ASOCIART ART es la nueva Aseguradora de Riesgo de Trabajo en San Juan"},"content":{"rendered":"<p>Los agentes del Poder Ejecutivo de la provincia contar\u00e1n con nuevo prestador de ART. El pasado 15 de diciembre de 2020 se llev\u00f3 a cabo la apertura de sobres de la licitaci\u00f3n correspondiente, tras lo cual se constituy\u00f3 la comisi\u00f3n evaluadora para el an\u00e1lisis de las ofertas admitidas. Una vez realizada esta evaluaci\u00f3n, se determin\u00f3 por Resoluci\u00f3n N\u00ba 10-MHF-2021 de fecha 11 de enero de 2021, adjudicar la Licitaci\u00f3n Anticipada N\u00ba01\/2020 a la empresa ASOCIART ART SA.<\/p>\n<p>Esta aseguradora inicia la prestaci\u00f3n de servicios el 1 de febrero de 2021. En virtud de esto, los agentes del Poder Ejecutivo, desde el pr\u00f3ximo lunes deber\u00e1n comunicarse al tel\u00e9fono \u200b\u200b\u200b\u200b\u200b\u200b\u200b0800-888-0093 &#8211; CECAP EMERGENCIAS para casos de accidente de trabajo o enfermedad profesional. Este tel\u00e9fono funcionar\u00e1 durante las 24 hs.<\/p>\n<p>Por ello, Voces Paralelas entrevist\u00f3 a la Ministro de Hacienda y Finanzas del Gobierno de San Juan, CPN Marisa L\u00f3pez, quien explic\u00f3 que bajar los costos de la ART provoca un\u00a0ahorro anual estimado de $310.765.000 en el presupuesto provincial.<\/p>\n<p><iframe loading=\"lazy\" title=\"CPN MARISA L\u00d3PEZ\" width=\"800\" height=\"450\" src=\"https:\/\/www.youtube.com\/embed\/onxMEljU20c?feature=oembed\" frameborder=\"0\" allow=\"accelerometer; autoplay; clipboard-write; encrypted-media; gyroscope; picture-in-picture\" allowfullscreen><\/iframe><\/p>\n<p>&nbsp;<\/p>\n<blockquote class=\"wp-embedded-content\" data-secret=\"iLE02ugsvJ\"><p><a href=\"https:\/\/vocesparalelas.com.ar\/sitio\/los-agentes-del-poder-ejecutivo-del-gobierno-de-san-juan-tienen-nuevo-prestador-de-art\/\">Los Agentes del Poder Ejecutivo del Gobierno de San Juan tienen nuevo prestador de ART<\/a><\/p><\/blockquote>\n<p><iframe loading=\"lazy\" class=\"wp-embedded-content\" sandbox=\"allow-scripts\" security=\"restricted\" style=\"position: absolute; clip: rect(1px, 1px, 1px, 1px);\" title=\"\u00abLos Agentes del Poder Ejecutivo del Gobierno de San Juan tienen nuevo prestador de ART\u00bb \u2014 Voces Paralelas\" src=\"https:\/\/vocesparalelas.com.ar\/sitio\/los-agentes-del-poder-ejecutivo-del-gobierno-de-san-juan-tienen-nuevo-prestador-de-art\/embed\/#?secret=iLE02ugsvJ\" data-secret=\"iLE02ugsvJ\" width=\"600\" height=\"338\" frameborder=\"0\" marginwidth=\"0\" marginheight=\"0\" scrolling=\"no\"><\/iframe><\/p>\n<p>&nbsp;<\/p>\n<p>&nbsp;<\/p>\n<p>&nbsp;<\/p>\n<p>&nbsp;<\/p>\n<p>&nbsp;<\/p>\n<p>&nbsp;<\/p>\n<p>&nbsp;<\/p>\n<p>&nbsp;<\/p>\n","protected":false},"excerpt":{"rendered":"<p>Los agentes del Poder Ejecutivo de la provincia contar\u00e1n con nuevo prestador de ART. El pasado 15 de diciembre de<\/p>\n","protected":false},"author":3,"featured_media":34766,"comment_status":"closed","ping_status":"closed","sticky":false,"template":"","format":"video","meta":{"_acf_changed":false,"_seopress_robots_primary_cat":"none","_seopress_titles_title":"","_seopress_titles_desc":"","_seopress_robots_index":"","colormag_page_container_layout":"default_layout","colormag_page_sidebar_layout":"default_layout","footnotes":""},"categories":[5,7],"tags":[],"class_list":["post-34764","post","type-post","status-publish","format-video","has-post-thumbnail","hentry","category-ofrecimientos","category-videos","post_format-post-format-video"],"acf":[],"_links":{"self":[{"href":"https:\/\/vocesparalelas.com.ar\/sitio\/wp-json\/wp\/v2\/posts\/34764","targetHints":{"allow":["GET"]}}],"collection":[{"href":"https:\/\/vocesparalelas.com.ar\/sitio\/wp-json\/wp\/v2\/posts"}],"about":[{"href":"https:\/\/vocesparalelas.com.ar\/sitio\/wp-json\/wp\/v2\/types\/post"}],"author":[{"embeddable":true,"href":"https:\/\/vocesparalelas.com.ar\/sitio\/wp-json\/wp\/v2\/users\/3"}],"replies":[{"embeddable":true,"href":"https:\/\/vocesparalelas.com.ar\/sitio\/wp-json\/wp\/v2\/comments?post=34764"}],"version-history":[{"count":3,"href":"https:\/\/vocesparalelas.com.ar\/sitio\/wp-json\/wp\/v2\/posts\/34764\/revisions"}],"predecessor-version":[{"id":34770,"href":"https:\/\/vocesparalelas.com.ar\/sitio\/wp-json\/wp\/v2\/posts\/34764\/revisions\/34770"}],"wp:featuredmedia":[{"embeddable":true,"href":"https:\/\/vocesparalelas.com.ar\/sitio\/wp-json\/wp\/v2\/media\/34766"}],"wp:attachment":[{"href":"https:\/\/vocesparalelas.com.ar\/sitio\/wp-json\/wp\/v2\/media?parent=34764"}],"wp:term":[{"taxonomy":"category","embeddable":true,"href":"https:\/\/vocesparalelas.com.ar\/sitio\/wp-json\/wp\/v2\/categories?post=34764"},{"taxonomy":"post_tag","embeddable":true,"href":"https:\/\/vocesparalelas.com.ar\/sitio\/wp-json\/wp\/v2\/tags?post=34764"}],"curies":[{"name":"wp","href":"https:\/\/api.w.org\/{rel}","templated":true}]}}