{"id":34632,"date":"2021-01-27T23:24:23","date_gmt":"2021-01-28T02:24:23","guid":{"rendered":"http:\/\/vocesparalelas.com.ar\/sitio\/?p=34632"},"modified":"2021-01-27T23:24:23","modified_gmt":"2021-01-28T02:24:23","slug":"se-abrio-los-sobres-de-la-licitacion-para-el-cierre-perimetral-del-predio-de-canme","status":"publish","type":"post","link":"https:\/\/vocesparalelas.com.ar\/sitio\/se-abrio-los-sobres-de-la-licitacion-para-el-cierre-perimetral-del-predio-de-canme\/","title":{"rendered":"Se abri\u00f3 los sobres de la Licitaci\u00f3n para el cierre perimetral del predio de CanMe"},"content":{"rendered":"<p>El vicegobernador en ejercicio del Poder Ejecutivo, CPN Roberto Gattoni,\u00a0 presidi\u00f3 el acto presentaci\u00f3n de los sobres de licitaci\u00f3n de las empresas oferentes para el cierre perimetral del predio de Cannabis Medicinal San Juan &#8211; CanMe -.<\/p>\n<p>En etapas subsiguientes se avanzar\u00e1 con la iluminaci\u00f3n, adquisici\u00f3n de c\u00e1maras de vigilancias y central de monitoreo.<\/p>\n<p>Acompa\u00f1ando al vicegobernador estuvieron el presidente de CanMe, Dr. Roberto Correa; el director titular de la entidad, Ariel Lucero; la directora titular de la entidad, Carolina Gim\u00e9nez, la escribana mayor de Gobierno adjunta, Dra. Mar\u00eda Silvia Sarmiento\u00a0y el s\u00edndico, Marcelo Margari\u00f1os.<\/p>\n<p><img loading=\"lazy\" decoding=\"async\" class=\"alignnone wp-image-34635 size-full\" src=\"https:\/\/vocesparalelas.com.ar\/sitio\/wp-content\/uploads\/2021\/01\/CanMe-LICITACION-02.jpg\" alt=\"\" width=\"800\" height=\"397\" srcset=\"https:\/\/vocesparalelas.com.ar\/sitio\/wp-content\/uploads\/2021\/01\/CanMe-LICITACION-02.jpg 800w, https:\/\/vocesparalelas.com.ar\/sitio\/wp-content\/uploads\/2021\/01\/CanMe-LICITACION-02-300x149.jpg 300w, https:\/\/vocesparalelas.com.ar\/sitio\/wp-content\/uploads\/2021\/01\/CanMe-LICITACION-02-768x381.jpg 768w\" sizes=\"auto, (max-width: 800px) 100vw, 800px\" \/><\/p>\n<p>Durante el acto presentaci\u00f3n, el CPN Gattoni resalt\u00f3 la importancia de esta nueva actividad en la provincia destacando que \u201cva a generar una fuerte inversi\u00f3n en San Juan. Se estiman que en los pr\u00f3ximos a\u00f1os la inversi\u00f3n puede llegar a m\u00e1s de USD 100 millones. Va a generar entre 200 y 300 puestos de trabajos en los pr\u00f3ximos cinco a\u00f1os. Adem\u00e1s va a ser gran parte de la producci\u00f3n que va a generar divisas para el pa\u00eds, salarios de calidad, la mano de obra que ocupa la producci\u00f3n de cannabis la cual requiere un grado de especializaci\u00f3n muy importante. Cabe destacar que la cosecha de la flor de cannabis no puede mecanizarse porque requiere de tanta sutileza que solamente se puede desarrollar de forma manual, lo cual garantiza la generaci\u00f3n de puestos de trabajos en el tiempo\u201d.<\/p>\n<p>En esa misma l\u00ednea, resalt\u00f3 la diversificaci\u00f3n que esta nueva econom\u00eda brindar\u00e1 a las arcas provinciales: \u201cTodos sabemos que San Juan ha vivido en el siglo pasado de la vitivinicultura y en este siglo XXI es la miner\u00eda la que tracciona la econom\u00eda pero que sea una sola actividad la que haga depender el futuro de la econom\u00eda de la provincia es peligroso. Por lo tanto favorecer o promover el desarrollo de distintas actividades econ\u00f3micas es una de las tareas y uno de los objetivos que la gesti\u00f3n del gobernador Sergio U\u00f1ac se ha planteado\u201d.<\/p>\n<p>Por su parte, Correa puso en alza lo logrado en el d\u00eda de la fecha: \u201cUno de los objetivos es proveer a la sociedad de un producto medicinal que hoy est\u00e1 ausente no solo en San Juan sino en el pa\u00eds y en varias partes del mundo. Este emprendimiento es muy nuevo en el mundo, tiene 4 o 5 a\u00f1os, con una alt\u00edsima demanda por sus resultados cl\u00ednicos positivos que han obtenido de su uso en varias patolog\u00edas como lo es en la epilepsia refractaria. Hay una ampl\u00edsima gama de patolog\u00edas que est\u00e1n siendo estudiadas por ser beneficiadas por el uso de esta sustancia medicinal en base a la planta de cannabis\u201d.<\/p>\n<p><img loading=\"lazy\" decoding=\"async\" class=\"alignnone wp-image-34634 size-full\" src=\"https:\/\/vocesparalelas.com.ar\/sitio\/wp-content\/uploads\/2021\/01\/CanMe-LICITACION-01.jpg\" alt=\"\" width=\"800\" height=\"505\" srcset=\"https:\/\/vocesparalelas.com.ar\/sitio\/wp-content\/uploads\/2021\/01\/CanMe-LICITACION-01.jpg 800w, https:\/\/vocesparalelas.com.ar\/sitio\/wp-content\/uploads\/2021\/01\/CanMe-LICITACION-01-300x189.jpg 300w, https:\/\/vocesparalelas.com.ar\/sitio\/wp-content\/uploads\/2021\/01\/CanMe-LICITACION-01-768x485.jpg 768w\" sizes=\"auto, (max-width: 800px) 100vw, 800px\" \/><\/p>\n<p><strong><span style=\"color: #339966;\">Empresas oferentes<\/span><\/strong><\/p>\n<ul>\n<li>Conycom SRL<\/li>\n<li>Terussi<\/li>\n<li>Daz SRL<\/li>\n<li>Construmin SRL<\/li>\n<li>Sucesi\u00f3n Menin Oscar<\/li>\n<li>Sigma SA<\/li>\n<li>Dmf SRL<\/li>\n<li>Sat SRL<\/li>\n<li>El Roble Desarrolladora Inmobiliaria SA y otra UTE<\/li>\n<li>Bilbao Construcci\u00f3n SRL<\/li>\n<li>Perfil SRL<\/li>\n<li>Panacan SRL<\/li>\n<li>PM Construcciones SRL<\/li>\n<\/ul>\n<p>&nbsp;<\/p>\n<p><iframe loading=\"lazy\" title=\"Se presentaron los oferentes para licitar el cierre perimetral del predio de CanMe\" width=\"800\" height=\"450\" src=\"https:\/\/www.youtube.com\/embed\/C5v9-bLu4NA?feature=oembed\" frameborder=\"0\" allow=\"accelerometer; autoplay; clipboard-write; encrypted-media; gyroscope; picture-in-picture\" allowfullscreen><\/iframe><\/p>\n","protected":false},"excerpt":{"rendered":"<p>El vicegobernador en ejercicio del Poder Ejecutivo, CPN Roberto Gattoni,\u00a0 presidi\u00f3 el acto presentaci\u00f3n de los sobres de licitaci\u00f3n de<\/p>\n","protected":false},"author":3,"featured_media":34636,"comment_status":"closed","ping_status":"closed","sticky":false,"template":"","format":"standard","meta":{"_acf_changed":false,"_seopress_robots_primary_cat":"none","_seopress_titles_title":"","_seopress_titles_desc":"","_seopress_robots_index":"","colormag_page_container_layout":"default_layout","colormag_page_sidebar_layout":"default_layout","footnotes":""},"categories":[1,7],"tags":[],"class_list":["post-34632","post","type-post","status-publish","format-standard","has-post-thumbnail","hentry","category-destacadas","category-videos"],"acf":[],"_links":{"self":[{"href":"https:\/\/vocesparalelas.com.ar\/sitio\/wp-json\/wp\/v2\/posts\/34632","targetHints":{"allow":["GET"]}}],"collection":[{"href":"https:\/\/vocesparalelas.com.ar\/sitio\/wp-json\/wp\/v2\/posts"}],"about":[{"href":"https:\/\/vocesparalelas.com.ar\/sitio\/wp-json\/wp\/v2\/types\/post"}],"author":[{"embeddable":true,"href":"https:\/\/vocesparalelas.com.ar\/sitio\/wp-json\/wp\/v2\/users\/3"}],"replies":[{"embeddable":true,"href":"https:\/\/vocesparalelas.com.ar\/sitio\/wp-json\/wp\/v2\/comments?post=34632"}],"version-history":[{"count":1,"href":"https:\/\/vocesparalelas.com.ar\/sitio\/wp-json\/wp\/v2\/posts\/34632\/revisions"}],"predecessor-version":[{"id":34637,"href":"https:\/\/vocesparalelas.com.ar\/sitio\/wp-json\/wp\/v2\/posts\/34632\/revisions\/34637"}],"wp:featuredmedia":[{"embeddable":true,"href":"https:\/\/vocesparalelas.com.ar\/sitio\/wp-json\/wp\/v2\/media\/34636"}],"wp:attachment":[{"href":"https:\/\/vocesparalelas.com.ar\/sitio\/wp-json\/wp\/v2\/media?parent=34632"}],"wp:term":[{"taxonomy":"category","embeddable":true,"href":"https:\/\/vocesparalelas.com.ar\/sitio\/wp-json\/wp\/v2\/categories?post=34632"},{"taxonomy":"post_tag","embeddable":true,"href":"https:\/\/vocesparalelas.com.ar\/sitio\/wp-json\/wp\/v2\/tags?post=34632"}],"curies":[{"name":"wp","href":"https:\/\/api.w.org\/{rel}","templated":true}]}}