{"id":34580,"date":"2021-01-27T00:50:44","date_gmt":"2021-01-27T03:50:44","guid":{"rendered":"http:\/\/vocesparalelas.com.ar\/sitio\/?p=34580"},"modified":"2021-01-27T23:26:42","modified_gmt":"2021-01-28T02:26:42","slug":"informes-sobre-el-terremoto-del-18-de-enero-de-2021","status":"publish","type":"post","link":"https:\/\/vocesparalelas.com.ar\/sitio\/informes-sobre-el-terremoto-del-18-de-enero-de-2021\/","title":{"rendered":"Informes sobre el terremoto del 18 de enero de 2021"},"content":{"rendered":"<p>En la Facultad de Ciencias Exactas, F\u00edsicas y Naturales de la Universidad Nacional de San Juan se realizan diversos estudios de sismolog\u00eda, en este informe se exponen investigaciones realizadas por el Instituto de Geolog\u00eda Dr. Emiliano Pedro Aparicio (INGEO), Instituto Geof\u00edsico y Sismol\u00f3gico ING. FERNANDO VOLPONI (IGSV) y el Grupo de Sismotect\u00f3nica (CIGEOBIO).<\/p>\n<p>Apenas producido el sismo del 18 de enero de 2021, detectado a unos 40 km al suroeste de la ciudad de San Juan y cuya magnitud fue Mw=6.46; cient\u00edficos pertenecientes a los espacios de investigaci\u00f3n mencionados se abocaron a realizar distintas actividades, tanto de campo como de laboratorio. Presentamos aqu\u00ed breves informes de lo actuado por los respectivos equipos.<\/p>\n<p><span id=\"Instituto_de_Geologia_DR_EMILIANO_PEDRO_APARICIO_INGEO\" style=\"color: #ff9900;\"><strong>Instituto de Geolog\u00eda DR. EMILIANO PEDRO APARICIO (INGEO)<\/strong><\/span><\/p>\n<p><strong>Inform\u00f3 Dra. Laura Perucca (Directora)<\/strong><\/p>\n<p><strong>Publicaciones previas al terremoto<\/strong><\/p>\n<p>En este trabajo estimaron la magnitud que pod\u00eda generar las fallas de Maradona, el valor encontrado fue Mw 6.6, similar al ocurrido el 18 de enero que fue de Mw=6.46.<\/p>\n<p><em>Andean Geology 45 (2): 145-160. May, 2018\u00a0\u00a0 doi: 10.5027\/andgeoV45n2-2970<\/em><\/p>\n<p><em>Andean Geology www.andeangeology.cl<\/em><\/p>\n<p><span style=\"color: #ff9900;\"><strong>Actividad tect\u00f3nica cuaternaria del Sistema de Falla Maradona, Precordillera Central, Argentina<\/strong><\/span><\/p>\n<p><strong><em>Gabriela Lara 1 , *Laura Perucca 1, 2 , Mart\u00edn Rothis 1, 2 , Ana Pantano 1 , Mauro S\u00e1ez 2<\/em><\/strong><\/p>\n<ol>\n<li>Gabinete de Neotect\u00f3nica y Geomorfolog\u00eda, Instituto de Geolog\u00eda, Facultad de Ciencias Exactas, F\u00edsicas y Naturales, Universidad Nacional de San Juan, Av. Ignacio de La Roza y Meglioli 5400, San Juan, Argentina.<\/li>\n<li>Centro de Investigaciones de la Ge\u00f3sfera y la Bi\u00f3sfera, Consejo Nacional de Investigaciones Cient\u00edficas y T\u00e9cnicas, Universidad Nacional de San Juan, Av. Ignacio de La Roza y Meglioli 5400, San Juan, Argentina.<\/li>\n<\/ol>\n<p><span style=\"color: #ff9900;\"><strong>Estudios posterremoto<\/strong><\/span><\/p>\n<p>Martin Rothis hizo esta animaci\u00f3n de las r\u00e9plicas:<\/p>\n<p><iframe loading=\"lazy\" title=\"Cronolog\u00eda del Terremoto 18 de enero 2021 y sus r\u00e9plicas, SAN JUAN, ARGENTINA\" width=\"800\" height=\"450\" src=\"https:\/\/www.youtube.com\/embed\/DLxmfkz36_k?feature=oembed\" frameborder=\"0\" allow=\"accelerometer; autoplay; clipboard-write; encrypted-media; gyroscope; picture-in-picture\" allowfullscreen><\/iframe><\/p>\n<p>&nbsp;<\/p>\n<p>* Se realizaron expediciones desde el d\u00eda siguiente al terremoto y en los d\u00edas siguientes con el apoyo de la FCEFN a las zonas de Carpinter\u00eda y Maradona a ver in situ los efectos en el terreno con el uso de un dron para mediciones en zonas inalcanzables.<\/p>\n<p><img loading=\"lazy\" decoding=\"async\" class=\"alignnone wp-image-34582 size-full\" src=\"https:\/\/vocesparalelas.com.ar\/sitio\/wp-content\/uploads\/2021\/01\/FCEFN-SISMO-01.jpg\" alt=\"\" width=\"800\" height=\"600\" srcset=\"https:\/\/vocesparalelas.com.ar\/sitio\/wp-content\/uploads\/2021\/01\/FCEFN-SISMO-01.jpg 800w, https:\/\/vocesparalelas.com.ar\/sitio\/wp-content\/uploads\/2021\/01\/FCEFN-SISMO-01-300x225.jpg 300w, https:\/\/vocesparalelas.com.ar\/sitio\/wp-content\/uploads\/2021\/01\/FCEFN-SISMO-01-768x576.jpg 768w\" sizes=\"auto, (max-width: 800px) 100vw, 800px\" \/><\/p>\n<p><img loading=\"lazy\" decoding=\"async\" class=\"alignnone wp-image-34583 size-full\" src=\"https:\/\/vocesparalelas.com.ar\/sitio\/wp-content\/uploads\/2021\/01\/FCEFN-SISMO-02.jpg\" alt=\"\" width=\"800\" height=\"600\" srcset=\"https:\/\/vocesparalelas.com.ar\/sitio\/wp-content\/uploads\/2021\/01\/FCEFN-SISMO-02.jpg 800w, https:\/\/vocesparalelas.com.ar\/sitio\/wp-content\/uploads\/2021\/01\/FCEFN-SISMO-02-300x225.jpg 300w, https:\/\/vocesparalelas.com.ar\/sitio\/wp-content\/uploads\/2021\/01\/FCEFN-SISMO-02-768x576.jpg 768w\" sizes=\"auto, (max-width: 800px) 100vw, 800px\" \/><\/p>\n<p><img loading=\"lazy\" decoding=\"async\" class=\"alignnone wp-image-34584 size-full\" src=\"https:\/\/vocesparalelas.com.ar\/sitio\/wp-content\/uploads\/2021\/01\/FCEFN-SISMO-03.jpg\" alt=\"\" width=\"800\" height=\"600\" srcset=\"https:\/\/vocesparalelas.com.ar\/sitio\/wp-content\/uploads\/2021\/01\/FCEFN-SISMO-03.jpg 800w, https:\/\/vocesparalelas.com.ar\/sitio\/wp-content\/uploads\/2021\/01\/FCEFN-SISMO-03-300x225.jpg 300w, https:\/\/vocesparalelas.com.ar\/sitio\/wp-content\/uploads\/2021\/01\/FCEFN-SISMO-03-768x576.jpg 768w\" sizes=\"auto, (max-width: 800px) 100vw, 800px\" \/><\/p>\n<p><strong><span id=\"Instituto_Geofisico_y_Sismologico_ING_FERNANDO_VOLPONI_IGSV\" style=\"color: #ff9900;\">Instituto Geof\u00edsico y Sismol\u00f3gico ING. FERNANDO VOLPONI (IGSV)<\/span><\/strong><\/p>\n<p><strong>Informaron el Dr. Daniel Gregori (subdirector) y el Dr. Francisco Ruiz (Director)<\/strong><\/p>\n<p>En un primer momento el Dr. Gregori inform\u00f3 que al d\u00eda siguiente, se trasladaron a una zona cercana a 10 km aproximadamente de la zona de epicentro, puesto que no se pod\u00eda llegar en camioneta, solo a caballo. Se ve la foto de un hermoso valle, el epicentro es en la ladera de la monta\u00f1a que se ve al fondo.<\/p>\n<p><img loading=\"lazy\" decoding=\"async\" class=\"alignnone wp-image-34585 size-full\" src=\"https:\/\/vocesparalelas.com.ar\/sitio\/wp-content\/uploads\/2021\/01\/FCEFN-SISMO-04.jpg\" alt=\"\" width=\"800\" height=\"400\" srcset=\"https:\/\/vocesparalelas.com.ar\/sitio\/wp-content\/uploads\/2021\/01\/FCEFN-SISMO-04.jpg 800w, https:\/\/vocesparalelas.com.ar\/sitio\/wp-content\/uploads\/2021\/01\/FCEFN-SISMO-04-300x150.jpg 300w, https:\/\/vocesparalelas.com.ar\/sitio\/wp-content\/uploads\/2021\/01\/FCEFN-SISMO-04-768x384.jpg 768w\" sizes=\"auto, (max-width: 800px) 100vw, 800px\" \/><\/p>\n<p><span style=\"color: #ff9900;\"><strong>Trabajos y an\u00e1lisis posterremoto<\/strong><\/span><\/p>\n<p>El Dr. Ruiz, coment\u00f3 en relaci\u00f3n a los trabajos que deber\u00edan realizarse a corto plazo. En relaci\u00f3n al \u00e1rea de sismolog\u00eda: retiraron 10 estaciones sismol\u00f3gicas que estaban monitoreando el volc\u00e1n Domuyo en Neuqu\u00e9n, las trajeron a San Juan el 21\/01, se est\u00e1n bajando los datos y configurando para el estudio de r\u00e9plicas en Precordillera. Desde esta semana se instalar\u00e1n de a 2 o 3 estaciones por d\u00eda.<\/p>\n<p>En cuanto al \u00e1rea de Geodesia, calcularon la deformaci\u00f3n superficial desde estaciones GNSS, hay una red que monitorean con GPS desde 2013. Adem\u00e1s est\u00e1n preparando la campa\u00f1a para la remedici\u00f3n, ya compraron equipo nuevo que lleg\u00f3 en diciembre para salir con 3 GNSS de precisi\u00f3n para remedir los 20 puntos GNSS y verificar con precisiones milim\u00e9tricas la deformaci\u00f3n.<\/p>\n<p>Hace 21 a\u00f1os el IGSV realiza controles temporales de gravedad, en febrero se realizar\u00e1n salidas para remedir con sus propios\u00a0 gravimetros autom\u00e1ticos, para verificar cambios de gravedad de alta precisi\u00f3n y cambios de masas en el interior de la Tierra producto del terremoto. Gemma Acosta est\u00e1 procesando las im\u00e1genes InSAR para calcular los interferogramas de im\u00e1genes y estudiar la deformaci\u00f3n en 3D.<\/p>\n<p>\u201dEs mucho lo que estamos haciendo. Est\u00e1bamos preparados ya que ven\u00edamos monitoreando, como nos ense\u00f1\u00f3 Volponi\u201d dijo el Dr. Ruiz.<\/p>\n<p><img loading=\"lazy\" decoding=\"async\" class=\"alignnone wp-image-34587 size-full\" src=\"https:\/\/vocesparalelas.com.ar\/sitio\/wp-content\/uploads\/2021\/01\/FCEFN-SISMO-04-1.jpg\" alt=\"\" width=\"800\" height=\"415\" srcset=\"https:\/\/vocesparalelas.com.ar\/sitio\/wp-content\/uploads\/2021\/01\/FCEFN-SISMO-04-1.jpg 800w, https:\/\/vocesparalelas.com.ar\/sitio\/wp-content\/uploads\/2021\/01\/FCEFN-SISMO-04-1-300x156.jpg 300w, https:\/\/vocesparalelas.com.ar\/sitio\/wp-content\/uploads\/2021\/01\/FCEFN-SISMO-04-1-768x398.jpg 768w\" sizes=\"auto, (max-width: 800px) 100vw, 800px\" \/><\/p>\n<p>&nbsp;<\/p>\n<p><img loading=\"lazy\" decoding=\"async\" class=\"wp-image-34588 size-large aligncenter\" src=\"https:\/\/vocesparalelas.com.ar\/sitio\/wp-content\/uploads\/2021\/01\/FCEFN.SISMO-06-389x800.jpg\" alt=\"\" width=\"389\" height=\"800\" srcset=\"https:\/\/vocesparalelas.com.ar\/sitio\/wp-content\/uploads\/2021\/01\/FCEFN.SISMO-06-389x800.jpg 389w, https:\/\/vocesparalelas.com.ar\/sitio\/wp-content\/uploads\/2021\/01\/FCEFN.SISMO-06-146x300.jpg 146w, https:\/\/vocesparalelas.com.ar\/sitio\/wp-content\/uploads\/2021\/01\/FCEFN.SISMO-06.jpg 498w\" sizes=\"auto, (max-width: 389px) 100vw, 389px\" \/><\/p>\n<p><img loading=\"lazy\" decoding=\"async\" class=\"wp-image-34589 size-large aligncenter\" src=\"https:\/\/vocesparalelas.com.ar\/sitio\/wp-content\/uploads\/2021\/01\/FCEFN.SISNO-07-560x800.jpg\" alt=\"\" width=\"560\" height=\"800\" srcset=\"https:\/\/vocesparalelas.com.ar\/sitio\/wp-content\/uploads\/2021\/01\/FCEFN.SISNO-07-560x800.jpg 560w, https:\/\/vocesparalelas.com.ar\/sitio\/wp-content\/uploads\/2021\/01\/FCEFN.SISNO-07-210x300.jpg 210w, https:\/\/vocesparalelas.com.ar\/sitio\/wp-content\/uploads\/2021\/01\/FCEFN.SISNO-07.jpg 717w\" sizes=\"auto, (max-width: 560px) 100vw, 560px\" \/><\/p>\n<p>&nbsp;<\/p>\n<p><img loading=\"lazy\" decoding=\"async\" class=\"alignnone wp-image-34590 size-full\" src=\"https:\/\/vocesparalelas.com.ar\/sitio\/wp-content\/uploads\/2021\/01\/FCEFN-SISMO-05.jpg\" alt=\"\" width=\"800\" height=\"445\" srcset=\"https:\/\/vocesparalelas.com.ar\/sitio\/wp-content\/uploads\/2021\/01\/FCEFN-SISMO-05.jpg 800w, https:\/\/vocesparalelas.com.ar\/sitio\/wp-content\/uploads\/2021\/01\/FCEFN-SISMO-05-300x167.jpg 300w, https:\/\/vocesparalelas.com.ar\/sitio\/wp-content\/uploads\/2021\/01\/FCEFN-SISMO-05-768x427.jpg 768w\" sizes=\"auto, (max-width: 800px) 100vw, 800px\" \/><\/p>\n<p><span id=\"Grupo_de_Sismotectonica_CIGEOBIO\" style=\"color: #ff9900;\"><strong>Grupo de Sismotect\u00f3nica (CIGEOBIO)<\/strong><\/span><\/p>\n<p><strong>Inform\u00f3 el Dr. Gustavo Ortiz.<\/strong><\/p>\n<p><img loading=\"lazy\" decoding=\"async\" class=\"alignnone wp-image-34591 size-full\" src=\"https:\/\/vocesparalelas.com.ar\/sitio\/wp-content\/uploads\/2021\/01\/FCEFN-SISMO-10.jpg\" alt=\"\" width=\"800\" height=\"599\" srcset=\"https:\/\/vocesparalelas.com.ar\/sitio\/wp-content\/uploads\/2021\/01\/FCEFN-SISMO-10.jpg 800w, https:\/\/vocesparalelas.com.ar\/sitio\/wp-content\/uploads\/2021\/01\/FCEFN-SISMO-10-300x225.jpg 300w, https:\/\/vocesparalelas.com.ar\/sitio\/wp-content\/uploads\/2021\/01\/FCEFN-SISMO-10-768x575.jpg 768w\" sizes=\"auto, (max-width: 800px) 100vw, 800px\" \/><\/p>\n<p><img loading=\"lazy\" decoding=\"async\" class=\"alignnone wp-image-34592 size-full\" src=\"https:\/\/vocesparalelas.com.ar\/sitio\/wp-content\/uploads\/2021\/01\/FCEFN-SISMO-11.jpg\" alt=\"\" width=\"800\" height=\"385\" srcset=\"https:\/\/vocesparalelas.com.ar\/sitio\/wp-content\/uploads\/2021\/01\/FCEFN-SISMO-11.jpg 800w, https:\/\/vocesparalelas.com.ar\/sitio\/wp-content\/uploads\/2021\/01\/FCEFN-SISMO-11-300x144.jpg 300w, https:\/\/vocesparalelas.com.ar\/sitio\/wp-content\/uploads\/2021\/01\/FCEFN-SISMO-11-768x370.jpg 768w\" sizes=\"auto, (max-width: 800px) 100vw, 800px\" \/><\/p>\n<p><img loading=\"lazy\" decoding=\"async\" class=\"wp-image-34593 size-large aligncenter\" src=\"https:\/\/vocesparalelas.com.ar\/sitio\/wp-content\/uploads\/2021\/01\/FCEFN-SISMO-12-600x800.jpg\" alt=\"\" width=\"600\" height=\"800\" srcset=\"https:\/\/vocesparalelas.com.ar\/sitio\/wp-content\/uploads\/2021\/01\/FCEFN-SISMO-12-600x800.jpg 600w, https:\/\/vocesparalelas.com.ar\/sitio\/wp-content\/uploads\/2021\/01\/FCEFN-SISMO-12-225x300.jpg 225w, https:\/\/vocesparalelas.com.ar\/sitio\/wp-content\/uploads\/2021\/01\/FCEFN-SISMO-12.jpg 768w\" sizes=\"auto, (max-width: 600px) 100vw, 600px\" \/><\/p>\n<p><img loading=\"lazy\" decoding=\"async\" class=\"wp-image-34594 size-large aligncenter\" src=\"https:\/\/vocesparalelas.com.ar\/sitio\/wp-content\/uploads\/2021\/01\/FCEFN-SISMO-15-599x800.jpg\" alt=\"\" width=\"599\" height=\"800\" srcset=\"https:\/\/vocesparalelas.com.ar\/sitio\/wp-content\/uploads\/2021\/01\/FCEFN-SISMO-15-599x800.jpg 599w, https:\/\/vocesparalelas.com.ar\/sitio\/wp-content\/uploads\/2021\/01\/FCEFN-SISMO-15-225x300.jpg 225w, https:\/\/vocesparalelas.com.ar\/sitio\/wp-content\/uploads\/2021\/01\/FCEFN-SISMO-15.jpg 767w\" sizes=\"auto, (max-width: 599px) 100vw, 599px\" \/><\/p>\n<p>El terremoto m\u00e1s destructivo de San Juan desde hace 44 a\u00f1os<\/p>\n<p>A las 23:46.21 hs del lunes 18 de enero de 2021 a unos 40km al suroeste de la ciudad de San Juan, se produjo un terremoto muy superficial y destructivo con el epicentro en la Precordillera Sanjuanina. Tuvo una magnitud Mw=6.46 con una Funci\u00f3n de Fuente de unos 5s. Es decir, que la mayor liberaci\u00f3n de energ\u00eda tuvo una duraci\u00f3n de 5 segundos. En las siguientes 72 hs luego del evento principal se registraron 154 r\u00e9plicas de Magnitudes entre 2.5 y 5.3. En la figura se muestra el registro de las ondas producidas por el terremoto y captadas en la Estaci\u00f3n sismol\u00f3gica Don Carmelo a 135 km al norte del epicentro (ubicada a m\u00e1s de 3000 metros de altura).<\/p>\n<p>Como efecto del terremoto se observaron algunas viviendas derrumbadas o seriamente afectadas como as\u00ed tambi\u00e9n da\u00f1os en la Ruta Nacional 40, la cual une las ciudades capitales de San Juan y Mendoza. Los estudios por parte del Observatorio Sismol\u00f3gico contin\u00faan en pos de completar observaciones tanto geol\u00f3gicas como geof\u00edsicas que puedan servir de ayuda a la comunidad en su totalidad\u00a0 contando con el apoyo de movilidad de la FCEFN .<\/p>\n<p>M\u00e1s informaci\u00f3n sobre el Grupo: <a href=\"https:\/\/sismo.conicet.gov.ar\/autoridades\/\">https:\/\/sismo.conicet.gov.ar\/autoridades\/<\/a><\/p>\n<p>&nbsp;<\/p>\n<p>&nbsp;<\/p>\n<p>&nbsp;<\/p>\n<p>&nbsp;<\/p>\n<p>&nbsp;<\/p>\n","protected":false},"excerpt":{"rendered":"<p>En la Facultad de Ciencias Exactas, F\u00edsicas y Naturales de la Universidad Nacional de San Juan se realizan diversos estudios<\/p>\n","protected":false},"author":3,"featured_media":22761,"comment_status":"closed","ping_status":"closed","sticky":false,"template":"","format":"video","meta":{"_acf_changed":false,"_seopress_robots_primary_cat":"none","_seopress_titles_title":"","_seopress_titles_desc":"","_seopress_robots_index":"","colormag_page_container_layout":"default_layout","colormag_page_sidebar_layout":"default_layout","footnotes":""},"categories":[11,7],"tags":[],"class_list":["post-34580","post","type-post","status-publish","format-video","has-post-thumbnail","hentry","category-sociales","category-videos","post_format-post-format-video"],"acf":[],"_links":{"self":[{"href":"https:\/\/vocesparalelas.com.ar\/sitio\/wp-json\/wp\/v2\/posts\/34580","targetHints":{"allow":["GET"]}}],"collection":[{"href":"https:\/\/vocesparalelas.com.ar\/sitio\/wp-json\/wp\/v2\/posts"}],"about":[{"href":"https:\/\/vocesparalelas.com.ar\/sitio\/wp-json\/wp\/v2\/types\/post"}],"author":[{"embeddable":true,"href":"https:\/\/vocesparalelas.com.ar\/sitio\/wp-json\/wp\/v2\/users\/3"}],"replies":[{"embeddable":true,"href":"https:\/\/vocesparalelas.com.ar\/sitio\/wp-json\/wp\/v2\/comments?post=34580"}],"version-history":[{"count":1,"href":"https:\/\/vocesparalelas.com.ar\/sitio\/wp-json\/wp\/v2\/posts\/34580\/revisions"}],"predecessor-version":[{"id":34595,"href":"https:\/\/vocesparalelas.com.ar\/sitio\/wp-json\/wp\/v2\/posts\/34580\/revisions\/34595"}],"wp:featuredmedia":[{"embeddable":true,"href":"https:\/\/vocesparalelas.com.ar\/sitio\/wp-json\/wp\/v2\/media\/22761"}],"wp:attachment":[{"href":"https:\/\/vocesparalelas.com.ar\/sitio\/wp-json\/wp\/v2\/media?parent=34580"}],"wp:term":[{"taxonomy":"category","embeddable":true,"href":"https:\/\/vocesparalelas.com.ar\/sitio\/wp-json\/wp\/v2\/categories?post=34580"},{"taxonomy":"post_tag","embeddable":true,"href":"https:\/\/vocesparalelas.com.ar\/sitio\/wp-json\/wp\/v2\/tags?post=34580"}],"curies":[{"name":"wp","href":"https:\/\/api.w.org\/{rel}","templated":true}]}}