{"id":34576,"date":"2021-01-26T23:50:39","date_gmt":"2021-01-27T02:50:39","guid":{"rendered":"http:\/\/vocesparalelas.com.ar\/sitio\/?p=34576"},"modified":"2021-01-27T23:35:15","modified_gmt":"2021-01-28T02:35:15","slug":"recomendaciones-para-eliminar-los-criaderos-de-mosquitos","status":"publish","type":"post","link":"https:\/\/vocesparalelas.com.ar\/sitio\/recomendaciones-para-eliminar-los-criaderos-de-mosquitos\/","title":{"rendered":"Recomendaciones para eliminar los criaderos de mosquitos"},"content":{"rendered":"<p>El Ministerio de Salud P\u00fablica del Gobierno de San Juan, a trav\u00e9s del programa Provincial de Control de Vectores, brinda algunas recomendaciones a la poblaci\u00f3n sobre acciones contra los criaderos del moquito transmisor del dengue.<\/p>\n<p>Es importante que la poblaci\u00f3n tenga en cuenta que cuando llueve es importante que den vuelta los recipientes que puedan acumular agua, como latas, botellas, neum\u00e1ticos, bidones cortados, baldes, palanganas, es importante dar vueltas esos objetos, cambiar el agua diariamente de los bebederos de los animales y cepillarlos para evitar los criaderos de mosquitos.<\/p>\n<p><span style=\"color: #808000;\"><strong>Medidas preventivas<\/strong><\/span><\/p>\n<ul>\n<li>Eliminar todos los recipientes que no se utilicen y que puedan acumular agua<\/li>\n<li>Dar vuelta los objetos que se encuentran en el exterior de las casas y que puedan acumular agua cuando llueve como botellas, latas, etc.<\/li>\n<li>Cambiar el agua de los bebederos de animales, o los recipientes colectores de desag\u00fce de aires acondiciones.<\/li>\n<li>Rellenar macetas con arena o cepillar diariamente los floreros para evitar la crianza de los mosquitos, cada 3 d\u00edas.<\/li>\n<li>Mantener los pisos, cunetas, acequias y mantener los jardines con el pasto corto.<\/li>\n<\/ul>\n<p>&nbsp;<\/p>\n<p><img loading=\"lazy\" decoding=\"async\" class=\"alignnone wp-image-34578 size-full\" src=\"https:\/\/vocesparalelas.com.ar\/sitio\/wp-content\/uploads\/2021\/01\/MOSQUITO-ELIMINA.jpg\" alt=\"\" width=\"800\" height=\"449\" srcset=\"https:\/\/vocesparalelas.com.ar\/sitio\/wp-content\/uploads\/2021\/01\/MOSQUITO-ELIMINA.jpg 800w, https:\/\/vocesparalelas.com.ar\/sitio\/wp-content\/uploads\/2021\/01\/MOSQUITO-ELIMINA-300x168.jpg 300w, https:\/\/vocesparalelas.com.ar\/sitio\/wp-content\/uploads\/2021\/01\/MOSQUITO-ELIMINA-768x431.jpg 768w\" sizes=\"auto, (max-width: 800px) 100vw, 800px\" \/><\/p>\n","protected":false},"excerpt":{"rendered":"<p>El Ministerio de Salud P\u00fablica del Gobierno de San Juan, a trav\u00e9s del programa Provincial de Control de Vectores, brinda<\/p>\n","protected":false},"author":3,"featured_media":28072,"comment_status":"closed","ping_status":"closed","sticky":false,"template":"","format":"standard","meta":{"_acf_changed":false,"_seopress_robots_primary_cat":"none","_seopress_titles_title":"","_seopress_titles_desc":"","_seopress_robots_index":"","colormag_page_container_layout":"default_layout","colormag_page_sidebar_layout":"default_layout","footnotes":""},"categories":[6],"tags":[],"class_list":["post-34576","post","type-post","status-publish","format-standard","has-post-thumbnail","hentry","category-eventos"],"acf":[],"_links":{"self":[{"href":"https:\/\/vocesparalelas.com.ar\/sitio\/wp-json\/wp\/v2\/posts\/34576","targetHints":{"allow":["GET"]}}],"collection":[{"href":"https:\/\/vocesparalelas.com.ar\/sitio\/wp-json\/wp\/v2\/posts"}],"about":[{"href":"https:\/\/vocesparalelas.com.ar\/sitio\/wp-json\/wp\/v2\/types\/post"}],"author":[{"embeddable":true,"href":"https:\/\/vocesparalelas.com.ar\/sitio\/wp-json\/wp\/v2\/users\/3"}],"replies":[{"embeddable":true,"href":"https:\/\/vocesparalelas.com.ar\/sitio\/wp-json\/wp\/v2\/comments?post=34576"}],"version-history":[{"count":1,"href":"https:\/\/vocesparalelas.com.ar\/sitio\/wp-json\/wp\/v2\/posts\/34576\/revisions"}],"predecessor-version":[{"id":34579,"href":"https:\/\/vocesparalelas.com.ar\/sitio\/wp-json\/wp\/v2\/posts\/34576\/revisions\/34579"}],"wp:featuredmedia":[{"embeddable":true,"href":"https:\/\/vocesparalelas.com.ar\/sitio\/wp-json\/wp\/v2\/media\/28072"}],"wp:attachment":[{"href":"https:\/\/vocesparalelas.com.ar\/sitio\/wp-json\/wp\/v2\/media?parent=34576"}],"wp:term":[{"taxonomy":"category","embeddable":true,"href":"https:\/\/vocesparalelas.com.ar\/sitio\/wp-json\/wp\/v2\/categories?post=34576"},{"taxonomy":"post_tag","embeddable":true,"href":"https:\/\/vocesparalelas.com.ar\/sitio\/wp-json\/wp\/v2\/tags?post=34576"}],"curies":[{"name":"wp","href":"https:\/\/api.w.org\/{rel}","templated":true}]}}