{"id":34561,"date":"2021-01-26T23:18:36","date_gmt":"2021-01-27T02:18:36","guid":{"rendered":"http:\/\/vocesparalelas.com.ar\/sitio\/?p=34561"},"modified":"2021-01-26T23:27:03","modified_gmt":"2021-01-27T02:27:03","slug":"encuentro-binacional-entre-ghile-y-argentina","status":"publish","type":"post","link":"https:\/\/vocesparalelas.com.ar\/sitio\/encuentro-binacional-entre-ghile-y-argentina\/","title":{"rendered":"Encuentro Binacional entre Ghile y Argentina"},"content":{"rendered":"<p>El gobernador de San Juan, Dr. Sergio U\u00f1ac, integra la comitivade la Rep\u00fablica Argentina presidida por el Presidente, Dr. Alberto Fern\u00e1ndez, lleg\u00f3 a la Rep\u00fablica de Chile porque durante dos d\u00edas se desarrolla el Encuentro binacional para fortalecer el bloque regional a trav\u00e9s de una amplia agenda pol\u00edtica, comercial y cultural.<\/p>\n<p>Pasado el mediod\u00eda, la delegaci\u00f3n argentina arrib\u00f3 al aeropuerto de Pudahuel y coloc\u00f3 una ofrenda floral ante el Monumento a Bernardo de O\u2019Higgins y luego ante el cercano Monumento al General San Mart\u00edn.<\/p>\n<p>Posteriormente, el presidente de Chile, Ing. Sebasti\u00e1n Pi\u00f1era, recibi\u00f3 a Fern\u00e1ndez frente al Palacio de La Moneda, donde la delegaci\u00f3n argentina tuvo la bienvenida formal para luego avanzar en las diferentes reuniones que se desarrollar\u00e1n en la jornada.<\/p>\n<p>En ese lugar, el gobernador fue recibido por el intendente de la Regi\u00f3n de Coquimbo, Pablo Herman Herrera, con quien dialog\u00f3 \u201csobre la actualidad de San Juan, de Coquimbo y por supuesto de la posibilidad de seguir pensando que la integraci\u00f3n f\u00edsica a trav\u00e9s de la construcci\u00f3n del T\u00fanel de Agua Negra es una realidad\u201d, seg\u00fan asegur\u00f3 el mandatario.<\/p>\n<p>En ese sentido, U\u00f1ac a\u00f1adi\u00f3 que \u201ceste importante encuentro bilateral nos permitir\u00e1 diagramar bases sobre las cuales pensar el desarrollo de ambos pa\u00edses\u201d.<\/p>\n<p>El mandatario consider\u00f3 que hay \u201cgrandes expectativas\u201d sobre el encuentro, que tiene \u201cla mirada puesta en el desarrollo econ\u00f3mico y la integraci\u00f3n binacional\u201d.<\/p>\n<p>Para cerrar, el gobernador sanjuanino asegur\u00f3 que \u201ces un placer poder dialogar con Alberto Fern\u00e1ndez y Sebasti\u00e1n Pi\u00f1era, fortaleciendo los consensos y articulando los disensos, esto con el gran objetivo de la construcci\u00f3n conjunta entre ambas naciones hermanas\u201d.<\/p>\n<p>Cerrando la primera jornada de trabajo, a las 18 horas, U\u00f1ac participar\u00e1 en la reuni\u00f3n con dirigentes pol\u00edticos chilenos que tendr\u00e1 lugar en el Jard\u00edn de la Residencia y estar\u00e1 presidida por los mandatarios de ambos pa\u00edses.<\/p>\n<p>Adem\u00e1s del presidente Fern\u00e1ndez y el gobernador U\u00f1ac, son parte del encuentro en representaci\u00f3n de Argentina los mandatarios provinciales de Catamarca, Ra\u00fal Jalil; de La Rioja, Ricardo Quintela; y de Salta, Gustavo S\u00e1enz; el jefe de Gabinete de Ministros, Santiago Cafiero; el ministro de Relaciones Exteriores, Comercio Internacional y Culto, Felipe Sol\u00e1; el embajador de la Rep\u00fablica Argentina en Chile, Rafael Bielsa; el ministro Defensa, Agust\u00edn Rossi; el ministro de Salud, Gin\u00e9s Gonz\u00e1lez Garc\u00eda, entre otros.<\/p>\n<p><img loading=\"lazy\" decoding=\"async\" class=\"alignnone wp-image-34564 size-full\" src=\"https:\/\/vocesparalelas.com.ar\/sitio\/wp-content\/uploads\/2021\/01\/CHILE-BINACIONAL-02.jpg\" alt=\"\" width=\"800\" height=\"450\" srcset=\"https:\/\/vocesparalelas.com.ar\/sitio\/wp-content\/uploads\/2021\/01\/CHILE-BINACIONAL-02.jpg 800w, https:\/\/vocesparalelas.com.ar\/sitio\/wp-content\/uploads\/2021\/01\/CHILE-BINACIONAL-02-300x169.jpg 300w, https:\/\/vocesparalelas.com.ar\/sitio\/wp-content\/uploads\/2021\/01\/CHILE-BINACIONAL-02-768x432.jpg 768w\" sizes=\"auto, (max-width: 800px) 100vw, 800px\" \/><\/p>\n","protected":false},"excerpt":{"rendered":"<p>El gobernador de San Juan, Dr. Sergio U\u00f1ac, integra la comitivade la Rep\u00fablica Argentina presidida por el Presidente, Dr. Alberto<\/p>\n","protected":false},"author":3,"featured_media":34563,"comment_status":"closed","ping_status":"closed","sticky":false,"template":"","format":"standard","meta":{"_acf_changed":false,"_seopress_robots_primary_cat":"none","_seopress_titles_title":"","_seopress_titles_desc":"","_seopress_robots_index":"","colormag_page_container_layout":"default_layout","colormag_page_sidebar_layout":"default_layout","footnotes":""},"categories":[1],"tags":[],"class_list":["post-34561","post","type-post","status-publish","format-standard","has-post-thumbnail","hentry","category-destacadas"],"acf":[],"_links":{"self":[{"href":"https:\/\/vocesparalelas.com.ar\/sitio\/wp-json\/wp\/v2\/posts\/34561","targetHints":{"allow":["GET"]}}],"collection":[{"href":"https:\/\/vocesparalelas.com.ar\/sitio\/wp-json\/wp\/v2\/posts"}],"about":[{"href":"https:\/\/vocesparalelas.com.ar\/sitio\/wp-json\/wp\/v2\/types\/post"}],"author":[{"embeddable":true,"href":"https:\/\/vocesparalelas.com.ar\/sitio\/wp-json\/wp\/v2\/users\/3"}],"replies":[{"embeddable":true,"href":"https:\/\/vocesparalelas.com.ar\/sitio\/wp-json\/wp\/v2\/comments?post=34561"}],"version-history":[{"count":2,"href":"https:\/\/vocesparalelas.com.ar\/sitio\/wp-json\/wp\/v2\/posts\/34561\/revisions"}],"predecessor-version":[{"id":34572,"href":"https:\/\/vocesparalelas.com.ar\/sitio\/wp-json\/wp\/v2\/posts\/34561\/revisions\/34572"}],"wp:featuredmedia":[{"embeddable":true,"href":"https:\/\/vocesparalelas.com.ar\/sitio\/wp-json\/wp\/v2\/media\/34563"}],"wp:attachment":[{"href":"https:\/\/vocesparalelas.com.ar\/sitio\/wp-json\/wp\/v2\/media?parent=34561"}],"wp:term":[{"taxonomy":"category","embeddable":true,"href":"https:\/\/vocesparalelas.com.ar\/sitio\/wp-json\/wp\/v2\/categories?post=34561"},{"taxonomy":"post_tag","embeddable":true,"href":"https:\/\/vocesparalelas.com.ar\/sitio\/wp-json\/wp\/v2\/tags?post=34561"}],"curies":[{"name":"wp","href":"https:\/\/api.w.org\/{rel}","templated":true}]}}