{"id":34545,"date":"2021-01-25T23:09:39","date_gmt":"2021-01-26T02:09:39","guid":{"rendered":"http:\/\/vocesparalelas.com.ar\/sitio\/?p=34545"},"modified":"2021-01-27T01:06:31","modified_gmt":"2021-01-27T04:06:31","slug":"estudiantes-de-6-ano-del-secundario-de-san-juan-inician-el-fortalecimiento-educativo","status":"publish","type":"post","link":"https:\/\/vocesparalelas.com.ar\/sitio\/estudiantes-de-6-ano-del-secundario-de-san-juan-inician-el-fortalecimiento-educativo\/","title":{"rendered":"Estudiantes de 6\u00b0 a\u00f1o del Secundario de San Juan inician el fortalecimiento educativo"},"content":{"rendered":"<p>Los alumnos secundarios que no alcanzaron los saberes propuestos, a partir de febrero tendr\u00e1n clases de fortalecimiento educativo con tutores del programa de Acompa\u00f1ar- PRASIR Secundaria, en todas las materias que lo requieran. La modalidad ser\u00e1 presencial y no presencial de acuerdo al siguiente detalle:<\/p>\n<p>El fortalecimiento de Acompa\u00f1a \u2013 PRASIR de Nivel Secundario comenzar\u00e1 el 1 de febrero y se extender\u00e1 hasta el 31 de marzo con los alumnos de sexto a\u00f1o de Educaci\u00f3n Secundaria Orientada y Art\u00edstica (es decir los alumnos que pasan a Nivel Superior o universitario).<\/p>\n<ul>\n<li><span style=\"color: #99cc00;\"><strong>Modalidad presencial:<\/strong><\/span> la tutor\u00eda ser\u00e1 bajo estricto protocolo sanitario \u00fanicamente en los departamentos alejados de J\u00e1chal, Iglesia, Sarmiento y Valle F\u00e9rtil. Los s\u00e1bados a partir del 6 de febrero en horario de 8 a 12.30 horas.<\/li>\n<li><span style=\"color: #99cc00;\"><strong>Modalidad no presencial<\/strong>:<\/span> la tutor\u00eda ser\u00e1 no presencial para los estudiantes de sexto a\u00f1o del resto de los departamentos de la provincia, los que deber\u00e1n contactarse a los correos electr\u00f3nicos de los tutores designados por departamento.<\/li>\n<\/ul>\n<p>El prop\u00f3sito de Acompa\u00f1ar &#8211; PRASIR Secundaria es que los estudiantes recuperen y acreditar los saberes no alcanzados fundamentados en el desarrollo de las gu\u00edas pedag\u00f3gicas elaboradas durante el 2020.<\/p>\n<p>Cabe aclarar que en febrero se comienza con los alumnos de sexto a\u00f1o, y paulatinamente se ir\u00e1n incorporando los de primer a\u00f1o, luego segundo y quinto, y posteriormente tercer a\u00f1o y cuarto. Ning\u00fan estudiante quedar\u00e1 excluido.<\/p>\n<p><strong><span style=\"color: #99cc00;\">Escuelas sedes en departamentos alejados<\/span><\/strong><\/p>\n<p>La selecci\u00f3n de escuelas sede fue realizada teniendo en cuenta la mayor cantidad de alumnos de 6\u00b0 a\u00f1o en condici\u00f3n de EPPA por zona, de acuerdo a la informaci\u00f3n recibida por directores y supervisores escolares.<\/p>\n<p><strong><span style=\"color: #99cc00;\">Modalidad presencial en las escuelas sedes<\/span><\/strong><\/p>\n<p>Las tutor\u00edas sOn los s\u00e1bados, a partir del 6 de Febrero, de 8 a 12.30 horas<\/p>\n<p><span style=\"color: #99cc00;\"><strong>J\u00e1chal<\/strong><\/span><\/p>\n<ul>\n<li>Escuela Fray Justo Santa Mar\u00eda de Oro.<\/li>\n<\/ul>\n<p><span style=\"color: #99cc00;\"><strong>Iglesia<\/strong><\/span><\/p>\n<ul>\n<li>Escuela Columna Cabot<\/li>\n<\/ul>\n<p><span style=\"color: #99cc00;\"><strong>Sarmiento<\/strong><\/span><\/p>\n<ul>\n<li>Escuela Victorina Lenoir de Navarro<\/li>\n<\/ul>\n<p><span style=\"color: #99cc00;\"><strong>Valle F\u00e9rtil<\/strong><\/span><\/p>\n<ul>\n<li>Colegio Fuerza \u00c1rea Argentina<\/li>\n<\/ul>\n<p><strong><span style=\"color: #99cc00;\">Modalidad no presencial<\/span><br \/>\n<\/strong><\/p>\n<p>Los estudiantes de Educaci\u00f3n Secundaria Orientada y Art\u00edstica de sexto a\u00f1o se deben contactar a los siguientes correos seg\u00fan el departamento al que corresponde la escuela y\/o colegio al que asiste. Pueden contactarse con los tutores a partir de este mi\u00e9rcoles 27 de enero, para luego comenzar formalmente el 1 de febrero con las tutor\u00edas.<\/p>\n<p>&nbsp;<\/p>\n<p><img loading=\"lazy\" decoding=\"async\" class=\"wp-image-34547 size-full aligncenter\" src=\"https:\/\/vocesparalelas.com.ar\/sitio\/wp-content\/uploads\/2021\/01\/LISTA-SECUNDARIO-01.jpg\" alt=\"\" width=\"574\" height=\"460\" srcset=\"https:\/\/vocesparalelas.com.ar\/sitio\/wp-content\/uploads\/2021\/01\/LISTA-SECUNDARIO-01.jpg 574w, https:\/\/vocesparalelas.com.ar\/sitio\/wp-content\/uploads\/2021\/01\/LISTA-SECUNDARIO-01-300x240.jpg 300w\" sizes=\"auto, (max-width: 574px) 100vw, 574px\" \/><\/p>\n<p>&nbsp;<\/p>\n","protected":false},"excerpt":{"rendered":"<p>Los alumnos secundarios que no alcanzaron los saberes propuestos, a partir de febrero tendr\u00e1n clases de fortalecimiento educativo con tutores<\/p>\n","protected":false},"author":3,"featured_media":34548,"comment_status":"closed","ping_status":"closed","sticky":false,"template":"","format":"standard","meta":{"_acf_changed":false,"_seopress_robots_primary_cat":"none","_seopress_titles_title":"","_seopress_titles_desc":"","_seopress_robots_index":"","colormag_page_container_layout":"default_layout","colormag_page_sidebar_layout":"default_layout","footnotes":""},"categories":[5],"tags":[],"class_list":["post-34545","post","type-post","status-publish","format-standard","has-post-thumbnail","hentry","category-ofrecimientos"],"acf":[],"_links":{"self":[{"href":"https:\/\/vocesparalelas.com.ar\/sitio\/wp-json\/wp\/v2\/posts\/34545","targetHints":{"allow":["GET"]}}],"collection":[{"href":"https:\/\/vocesparalelas.com.ar\/sitio\/wp-json\/wp\/v2\/posts"}],"about":[{"href":"https:\/\/vocesparalelas.com.ar\/sitio\/wp-json\/wp\/v2\/types\/post"}],"author":[{"embeddable":true,"href":"https:\/\/vocesparalelas.com.ar\/sitio\/wp-json\/wp\/v2\/users\/3"}],"replies":[{"embeddable":true,"href":"https:\/\/vocesparalelas.com.ar\/sitio\/wp-json\/wp\/v2\/comments?post=34545"}],"version-history":[{"count":3,"href":"https:\/\/vocesparalelas.com.ar\/sitio\/wp-json\/wp\/v2\/posts\/34545\/revisions"}],"predecessor-version":[{"id":34551,"href":"https:\/\/vocesparalelas.com.ar\/sitio\/wp-json\/wp\/v2\/posts\/34545\/revisions\/34551"}],"wp:featuredmedia":[{"embeddable":true,"href":"https:\/\/vocesparalelas.com.ar\/sitio\/wp-json\/wp\/v2\/media\/34548"}],"wp:attachment":[{"href":"https:\/\/vocesparalelas.com.ar\/sitio\/wp-json\/wp\/v2\/media?parent=34545"}],"wp:term":[{"taxonomy":"category","embeddable":true,"href":"https:\/\/vocesparalelas.com.ar\/sitio\/wp-json\/wp\/v2\/categories?post=34545"},{"taxonomy":"post_tag","embeddable":true,"href":"https:\/\/vocesparalelas.com.ar\/sitio\/wp-json\/wp\/v2\/tags?post=34545"}],"curies":[{"name":"wp","href":"https:\/\/api.w.org\/{rel}","templated":true}]}}