{"id":34475,"date":"2021-01-22T21:27:01","date_gmt":"2021-01-23T00:27:01","guid":{"rendered":"http:\/\/vocesparalelas.com.ar\/sitio\/?p=34475"},"modified":"2021-01-22T21:27:01","modified_gmt":"2021-01-23T00:27:01","slug":"el-gobierno-de-san-juan-cumplio-con-el-compromiso-y-deposito-99-millones-a-los-19-municipalidades","status":"publish","type":"post","link":"https:\/\/vocesparalelas.com.ar\/sitio\/el-gobierno-de-san-juan-cumplio-con-el-compromiso-y-deposito-99-millones-a-los-19-municipalidades\/","title":{"rendered":"El Gobierno de San Juan cumpli\u00f3 con el compromiso y deposit\u00f3 $99 millones a los 19 Municipalidades"},"content":{"rendered":"<p>El Martes, 19 de Enero, el gobernador de San Juan, Dr. Sergio U\u00f1ac, anunci\u00f3 la ayuda econ\u00f3mica a los 19 municipalidades, como consecuencia del Terremoto 6.4 grados que afect\u00f3 diversas zonas.<\/p>\n<p>En conferencia de prensa, dio a conocer el env\u00edo de ayuda econ\u00f3mica para los municipios, \u00abmediante una Ley de Necesidad y Urgencia vamos a disponer de fondos para da\u00f1os relevantes, leves y de importancia\u00bb, dijo el mandatario sanjuanino.<\/p>\n<p>El Viernes, 22 de Enero, fue publicada la Ley 2199-P, indicando que se otorg\u00f3 la suma de 99 millones de pesos a los municipios de la provincia. La trasferencia de los fondos fue realizada a las arcas municipales a primera hora de la fecha.<\/p>\n<p>&nbsp;<\/p>\n<p><img loading=\"lazy\" decoding=\"async\" class=\"wp-image-34477 size-large aligncenter\" src=\"https:\/\/vocesparalelas.com.ar\/sitio\/wp-content\/uploads\/2021\/01\/SAN-JUAN-MUNICIPALIDADES-01-531x800.jpg\" alt=\"\" width=\"531\" height=\"800\" srcset=\"https:\/\/vocesparalelas.com.ar\/sitio\/wp-content\/uploads\/2021\/01\/SAN-JUAN-MUNICIPALIDADES-01-531x800.jpg 531w, https:\/\/vocesparalelas.com.ar\/sitio\/wp-content\/uploads\/2021\/01\/SAN-JUAN-MUNICIPALIDADES-01-199x300.jpg 199w, https:\/\/vocesparalelas.com.ar\/sitio\/wp-content\/uploads\/2021\/01\/SAN-JUAN-MUNICIPALIDADES-01.jpg 613w\" sizes=\"auto, (max-width: 531px) 100vw, 531px\" \/><\/p>\n<p>&nbsp;<\/p>\n<p><strong><span style=\"color: #008000;\">Los montos otorgados a las Municipalidades<\/span><\/strong><\/p>\n<ul>\n<li>Albard\u00f3n $3.000.000<\/li>\n<li>Angaco $3.000.000<\/li>\n<li>Calingasta $6.000.000<\/li>\n<li>Capital $6.000.000<\/li>\n<li>Caucete $6.000.000<\/li>\n<li>Chimbas $6.000.000<\/li>\n<li>Iglesia $3.000.000<\/li>\n<li>J\u00e1chal $3.000.000<\/li>\n<li>9 de Julio $3.000.000<\/li>\n<li>Pocito $9.000.000<\/li>\n<li>Rawson $6.000.000<\/li>\n<li>Rivadavia $9.000.000<\/li>\n<li>San Mart\u00edn $3.000.000<\/li>\n<li>Santa Luc\u00eda $6.000.000<\/li>\n<li>Sarmiento $9.000.000<\/li>\n<li>Ullum $3.000.000<\/li>\n<li>Valle F\u00e9rtil $3.000.000<\/li>\n<li>25 de Mayo $6.000.000<\/li>\n<li>Zonda $6.000.000<\/li>\n<\/ul>\n<p>&nbsp;<\/p>\n<p><img loading=\"lazy\" decoding=\"async\" class=\"wp-image-34478 size-large aligncenter\" src=\"https:\/\/vocesparalelas.com.ar\/sitio\/wp-content\/uploads\/2021\/01\/SAN-JUAN-MUNICIPALIDADES-02-427x800.jpg\" alt=\"\" width=\"427\" height=\"800\" srcset=\"https:\/\/vocesparalelas.com.ar\/sitio\/wp-content\/uploads\/2021\/01\/SAN-JUAN-MUNICIPALIDADES-02-427x800.jpg 427w, https:\/\/vocesparalelas.com.ar\/sitio\/wp-content\/uploads\/2021\/01\/SAN-JUAN-MUNICIPALIDADES-02-160x300.jpg 160w, https:\/\/vocesparalelas.com.ar\/sitio\/wp-content\/uploads\/2021\/01\/SAN-JUAN-MUNICIPALIDADES-02.jpg 547w\" sizes=\"auto, (max-width: 427px) 100vw, 427px\" \/><\/p>\n<p>&nbsp;<\/p>\n<p>&nbsp;<\/p>\n<p>&nbsp;<\/p>\n<p>&nbsp;<\/p>\n","protected":false},"excerpt":{"rendered":"<p>El Martes, 19 de Enero, el gobernador de San Juan, Dr. Sergio U\u00f1ac, anunci\u00f3 la ayuda econ\u00f3mica a los 19<\/p>\n","protected":false},"author":3,"featured_media":1245,"comment_status":"closed","ping_status":"closed","sticky":false,"template":"","format":"standard","meta":{"_acf_changed":false,"_seopress_robots_primary_cat":"none","_seopress_titles_title":"","_seopress_titles_desc":"","_seopress_robots_index":"","colormag_page_container_layout":"default_layout","colormag_page_sidebar_layout":"default_layout","footnotes":""},"categories":[1],"tags":[],"class_list":["post-34475","post","type-post","status-publish","format-standard","has-post-thumbnail","hentry","category-destacadas"],"acf":[],"_links":{"self":[{"href":"https:\/\/vocesparalelas.com.ar\/sitio\/wp-json\/wp\/v2\/posts\/34475","targetHints":{"allow":["GET"]}}],"collection":[{"href":"https:\/\/vocesparalelas.com.ar\/sitio\/wp-json\/wp\/v2\/posts"}],"about":[{"href":"https:\/\/vocesparalelas.com.ar\/sitio\/wp-json\/wp\/v2\/types\/post"}],"author":[{"embeddable":true,"href":"https:\/\/vocesparalelas.com.ar\/sitio\/wp-json\/wp\/v2\/users\/3"}],"replies":[{"embeddable":true,"href":"https:\/\/vocesparalelas.com.ar\/sitio\/wp-json\/wp\/v2\/comments?post=34475"}],"version-history":[{"count":1,"href":"https:\/\/vocesparalelas.com.ar\/sitio\/wp-json\/wp\/v2\/posts\/34475\/revisions"}],"predecessor-version":[{"id":34479,"href":"https:\/\/vocesparalelas.com.ar\/sitio\/wp-json\/wp\/v2\/posts\/34475\/revisions\/34479"}],"wp:featuredmedia":[{"embeddable":true,"href":"https:\/\/vocesparalelas.com.ar\/sitio\/wp-json\/wp\/v2\/media\/1245"}],"wp:attachment":[{"href":"https:\/\/vocesparalelas.com.ar\/sitio\/wp-json\/wp\/v2\/media?parent=34475"}],"wp:term":[{"taxonomy":"category","embeddable":true,"href":"https:\/\/vocesparalelas.com.ar\/sitio\/wp-json\/wp\/v2\/categories?post=34475"},{"taxonomy":"post_tag","embeddable":true,"href":"https:\/\/vocesparalelas.com.ar\/sitio\/wp-json\/wp\/v2\/tags?post=34475"}],"curies":[{"name":"wp","href":"https:\/\/api.w.org\/{rel}","templated":true}]}}