{"id":34471,"date":"2021-01-22T20:04:45","date_gmt":"2021-01-22T23:04:45","guid":{"rendered":"http:\/\/vocesparalelas.com.ar\/sitio\/?p=34471"},"modified":"2021-01-23T13:44:12","modified_gmt":"2021-01-23T16:44:12","slug":"actividades-al-aire-libre-para-disfrutar-en-familia-en-san-juan","status":"publish","type":"post","link":"https:\/\/vocesparalelas.com.ar\/sitio\/actividades-al-aire-libre-para-disfrutar-en-familia-en-san-juan\/","title":{"rendered":"Actividades al a\u00edre libre para disfrutar en familia en San Juan"},"content":{"rendered":"<p>La temporada de verano 2021 se presta para realizar actividades tur\u00edsticas al aire libre como trekking, paseos en los diques, visitas a campings y balnearios y los recorridos gastron\u00f3micos, entre otros. El circuito del Paseo Urbano invita a los turistas a conocer en profundidad la ciudad de San Juan y el casco hist\u00f3rico de Albard\u00f3n con todas sus historias. Por otra parte, el Parque Provincial Ischigualasto y el Centro Ambiental Anchipurac cuentan con circuitos pensados para toda la familia que m\u00e1s all\u00e1 de lo tur\u00edstico tienen una impronta educativa para que los m\u00e1s chicos aprendan jugando.<\/p>\n<p>Las actividades de astroturismo puede realizarse en seis departamentos ya sea con prestadores que ofrecen actividades puntuales o visitando los observatorios ubicados en San Mart\u00edn, Calingasta y Chimbas.<\/p>\n<p>Los circuitos gastron\u00f3micos son amplios e incluyen tambi\u00e9n la Ruta del Olivo y la Ruta del Vino. En cada uno de estos lugares se pueden degustar productos regionales y conocer los detalles de la producci\u00f3n vitivin\u00edcola y oliv\u00edcola local.<\/p>\n<p>Los fieles y promesantes pueden elegir alguno de los recorridos de fe como visitar la Difunta Correa y San Expedito en Caucete o llegar hasta Ceferino Namuncur\u00e1. Los tres sitios permanecen abiertos de 8 a 00 y quienes ingresen deben contar con el permiso obligatorio espec\u00edfico de lugar.<\/p>\n<p>Las actividades de aventura pueden realizarse en La Ruta Interlagos como as\u00ed tambi\u00e9n en otros departamentos. Los campings y balnearios est\u00e1n habilitados para recibir a los turistas para que pasen el d\u00eda y disfruten de los diques.<\/p>\n<p>Para conocer en detalle la gu\u00eda de actividades, los interesados debe ingresar al sitio web de San Juan Turismo\u00a0<a href=\"http:\/\/www.sanjuan.tur.ar\/\">http:\/\/www.sanjuan.tur.ar\/<\/a>\u00a0Adem\u00e1s, a trav\u00e9s de las redes del Ministerio de Turismo y Cultura se difunden diariamente las propuestas de este verano.<\/p>\n<p>Para m\u00e1s consultas, llamar al 4210004 o enviar mail a <span id=\"cloak3050bf05ec34e3525d715e6212b01d82\"><a href=\"mailto:info@sanjuan.tur.ar\">info@sanjuan.tur.ar<\/a><\/span>.<\/p>\n<p>&nbsp;<\/p>\n<p>&nbsp;<\/p>\n<p>&nbsp;<\/p>\n","protected":false},"excerpt":{"rendered":"<p>La temporada de verano 2021 se presta para realizar actividades tur\u00edsticas al aire libre como trekking, paseos en los diques,<\/p>\n","protected":false},"author":3,"featured_media":9684,"comment_status":"closed","ping_status":"closed","sticky":false,"template":"","format":"standard","meta":{"_acf_changed":false,"_seopress_robots_primary_cat":"none","_seopress_titles_title":"","_seopress_titles_desc":"","_seopress_robots_index":"","colormag_page_container_layout":"default_layout","colormag_page_sidebar_layout":"default_layout","footnotes":""},"categories":[2],"tags":[],"class_list":["post-34471","post","type-post","status-publish","format-standard","has-post-thumbnail","hentry","category-convocatorias"],"acf":[],"_links":{"self":[{"href":"https:\/\/vocesparalelas.com.ar\/sitio\/wp-json\/wp\/v2\/posts\/34471","targetHints":{"allow":["GET"]}}],"collection":[{"href":"https:\/\/vocesparalelas.com.ar\/sitio\/wp-json\/wp\/v2\/posts"}],"about":[{"href":"https:\/\/vocesparalelas.com.ar\/sitio\/wp-json\/wp\/v2\/types\/post"}],"author":[{"embeddable":true,"href":"https:\/\/vocesparalelas.com.ar\/sitio\/wp-json\/wp\/v2\/users\/3"}],"replies":[{"embeddable":true,"href":"https:\/\/vocesparalelas.com.ar\/sitio\/wp-json\/wp\/v2\/comments?post=34471"}],"version-history":[{"count":1,"href":"https:\/\/vocesparalelas.com.ar\/sitio\/wp-json\/wp\/v2\/posts\/34471\/revisions"}],"predecessor-version":[{"id":34473,"href":"https:\/\/vocesparalelas.com.ar\/sitio\/wp-json\/wp\/v2\/posts\/34471\/revisions\/34473"}],"wp:featuredmedia":[{"embeddable":true,"href":"https:\/\/vocesparalelas.com.ar\/sitio\/wp-json\/wp\/v2\/media\/9684"}],"wp:attachment":[{"href":"https:\/\/vocesparalelas.com.ar\/sitio\/wp-json\/wp\/v2\/media?parent=34471"}],"wp:term":[{"taxonomy":"category","embeddable":true,"href":"https:\/\/vocesparalelas.com.ar\/sitio\/wp-json\/wp\/v2\/categories?post=34471"},{"taxonomy":"post_tag","embeddable":true,"href":"https:\/\/vocesparalelas.com.ar\/sitio\/wp-json\/wp\/v2\/tags?post=34471"}],"curies":[{"name":"wp","href":"https:\/\/api.w.org\/{rel}","templated":true}]}}