{"id":34406,"date":"2021-01-20T22:33:23","date_gmt":"2021-01-21T01:33:23","guid":{"rendered":"http:\/\/vocesparalelas.com.ar\/sitio\/?p=34406"},"modified":"2021-01-20T22:34:08","modified_gmt":"2021-01-21T01:34:08","slug":"recorrieron-la-ruta-40-y-las-obras-del-acueducto-gran-tulum","status":"publish","type":"post","link":"https:\/\/vocesparalelas.com.ar\/sitio\/recorrieron-la-ruta-40-y-las-obras-del-acueducto-gran-tulum\/","title":{"rendered":"Recorrieron la Ruta 40 y las obras del Acueducto Gran Tulum"},"content":{"rendered":"<p>El gobernador de San Juan, Dr.\u00a0Sergio U\u00f1ac recibi\u00f3 al ministro de Obras P\u00fablicas de la Naci\u00f3n, Dr. Gabriel Katopodis, quien visit\u00f3 la provincia para\u00a0evaluar las incidencias sobre Ruta 40 tras el fuerte sismo de 6.4 grados de magnitud registrado el Lunes, 18 de Enero y visitar el avance de obras en Ruta 40 Norte y el Acueducto Gran Tulum.<\/p>\n<p>Tras arribar a la provincia, U\u00f1ac y Katopodis recorrieron la Ruta Nacional 40 para visualizar el deterioro en el pavimento y supervisar el trabajo que se encuentra realizando el personal de Vialidad Nacional.<\/p>\n<p><iframe loading=\"lazy\" title=\"U\u00f1ac y Katopodis recorrieron la Ruta 40 y las obras del Acueducto Gran Tulum\" width=\"800\" height=\"450\" src=\"https:\/\/www.youtube.com\/embed\/0eRY_mOBVuU?feature=oembed\" frameborder=\"0\" allow=\"accelerometer; autoplay; clipboard-write; encrypted-media; gyroscope; picture-in-picture\" allowfullscreen><\/iframe><\/p>\n<p>Seguidamente se trasladaron hacia Rivadavia, donde \u00a0visitaron los avances de obra del Acueducto Gran Tulum, ubicado en calle Ignacio de la Roza a la altura de Archipurac.<\/p>\n<p><img loading=\"lazy\" decoding=\"async\" class=\"alignnone wp-image-34411 size-full\" src=\"https:\/\/vocesparalelas.com.ar\/sitio\/wp-content\/uploads\/2021\/01\/RUTA-40-04.jpg\" alt=\"\" width=\"800\" height=\"534\" srcset=\"https:\/\/vocesparalelas.com.ar\/sitio\/wp-content\/uploads\/2021\/01\/RUTA-40-04.jpg 800w, https:\/\/vocesparalelas.com.ar\/sitio\/wp-content\/uploads\/2021\/01\/RUTA-40-04-300x200.jpg 300w, https:\/\/vocesparalelas.com.ar\/sitio\/wp-content\/uploads\/2021\/01\/RUTA-40-04-768x513.jpg 768w\" sizes=\"auto, (max-width: 800px) 100vw, 800px\" \/><\/p>\n<p><img loading=\"lazy\" decoding=\"async\" class=\"alignnone wp-image-34412 size-full\" src=\"https:\/\/vocesparalelas.com.ar\/sitio\/wp-content\/uploads\/2021\/01\/RUTA-40-05.jpg\" alt=\"\" width=\"800\" height=\"534\" srcset=\"https:\/\/vocesparalelas.com.ar\/sitio\/wp-content\/uploads\/2021\/01\/RUTA-40-05.jpg 800w, https:\/\/vocesparalelas.com.ar\/sitio\/wp-content\/uploads\/2021\/01\/RUTA-40-05-300x200.jpg 300w, https:\/\/vocesparalelas.com.ar\/sitio\/wp-content\/uploads\/2021\/01\/RUTA-40-05-768x513.jpg 768w\" sizes=\"auto, (max-width: 800px) 100vw, 800px\" \/><\/p>\n<p><img loading=\"lazy\" decoding=\"async\" class=\"alignnone wp-image-34408 size-full\" src=\"https:\/\/vocesparalelas.com.ar\/sitio\/wp-content\/uploads\/2021\/01\/RUTA-40-07.jpg\" alt=\"\" width=\"800\" height=\"534\" srcset=\"https:\/\/vocesparalelas.com.ar\/sitio\/wp-content\/uploads\/2021\/01\/RUTA-40-07.jpg 800w, https:\/\/vocesparalelas.com.ar\/sitio\/wp-content\/uploads\/2021\/01\/RUTA-40-07-300x200.jpg 300w, https:\/\/vocesparalelas.com.ar\/sitio\/wp-content\/uploads\/2021\/01\/RUTA-40-07-768x513.jpg 768w\" sizes=\"auto, (max-width: 800px) 100vw, 800px\" \/><\/p>\n<p><img loading=\"lazy\" decoding=\"async\" class=\"alignnone wp-image-34413 size-full\" src=\"https:\/\/vocesparalelas.com.ar\/sitio\/wp-content\/uploads\/2021\/01\/RUTA-40-06.jpg\" alt=\"\" width=\"800\" height=\"534\" srcset=\"https:\/\/vocesparalelas.com.ar\/sitio\/wp-content\/uploads\/2021\/01\/RUTA-40-06.jpg 800w, https:\/\/vocesparalelas.com.ar\/sitio\/wp-content\/uploads\/2021\/01\/RUTA-40-06-300x200.jpg 300w, https:\/\/vocesparalelas.com.ar\/sitio\/wp-content\/uploads\/2021\/01\/RUTA-40-06-768x513.jpg 768w\" sizes=\"auto, (max-width: 800px) 100vw, 800px\" \/><\/p>\n<p>Ya en Casa de Gobierno, el gobernador y el ministro de la Naci\u00f3n realizaron un balance de la jornada. Ambos destacaron el r\u00e1pido accionar para trabajar en reparar los da\u00f1os producidos.<\/p>\n<p>Al respecto, U\u00f1ac agradeci\u00f3 al presidente Dr. Alberto Fern\u00e1ndez y al ministro Katopodis por visitar a la provincia en un momento delicado.<\/p>\n<p>En ese sentido, el gobernador destac\u00f3 que \u201cen la Ruta 40 sur ya estamos trabajando. Adem\u00e1s, pudimos observar la Ruta 40 Norte, una obra que en el comienzo financi\u00f3 la Provincia y hoy junto a Naci\u00f3n avanzamos firmemente\u00bb.<\/p>\n<p>Sobre las tareas del Acueducto Gran Tulum valor\u00f3 que \u201ces una obra emblem\u00e1tica que habla de la soluci\u00f3n de agua potable de los sanjuaninos para las pr\u00f3ximas tres o cuatro d\u00e9cadas\u201d.<\/p>\n<p>Por su parte, el ministro Katopodis afirm\u00f3 que \u201cen un momento complejo para la provincia estuvimos recorriendo la Ruta 40 y poniendo todo el equipo de la Direcci\u00f3n Nacional de Vialidad y de la Direcci\u00f3n Provincial, a trabajar en conjunto para poder reparar lo da\u00f1ado de la Ruta y reestablecer el corredor vial\u201d.<\/p>\n<p>Seguidamente destac\u00f3 la resiliencia y aprendizaje de San Juan a lo largo de su historia ya que \u201csupo reconocer su historia vinculada a estos episodios y logr\u00f3 mostrar la fortaleza de una provincia que no sufri\u00f3 da\u00f1os de vida o edilicios tan importantes como en otros momentos\u201d.<\/p>\n<p>Katopodis puso de relieve la agilidad con la que comenzaron los trabajos y dijo que \u201cen 30 o 40 d\u00edas vamos a poder rehabilitar plenamente el tr\u00e1nsito en la ruta\u201d.<\/p>\n<p>El ministro dijo que el reinicio de la obra de ruta 40 Sur es \u201cuna de los principales prioridades que tienen el Ministerio de Obras P\u00fablica y la Direcci\u00f3n Vialidad Nacional\u201d.<\/p>\n<p>Para cerrar la jornada la comitiva se reuni\u00f3 con referentes de la \u201cMesa de la Productividad\u201d en Casa de Gobierno. Entre los asistentes se encontraban el presidente de la C\u00e1mara de Comercio Exterior, Antonio Gim\u00e9nez; el presidente de la C\u00e1mara Minera, Mario Hern\u00e1ndez; el presidente de la Uni\u00f3n Industrial de San Juan, Hugo Goransky; el presidente de la C\u00e1mara de la Construcci\u00f3n, Ante Dumandzic.<\/p>\n<p>Durante la jornada, acompa\u00f1aron al gobernador y al ministro de la Naci\u00f3n ministro de Obras y Servicios P\u00fablicos, Julio Ortiz Andino; el subsecretario de la Unidad Gobernaci\u00f3n, Luis Rueda; el titular de Vialidad Nacional San Juan, Jorge Deiana; el director de Vialidad provincial, Juan Manuel Magari\u00f1os; el presidente de OSSE, Guillermo Sirerol; el subadministrador de Vialidad Nacional, Alejandro Urdampilleta; los intendentes de Chimbas, Fabi\u00e1n Gramajo; de Pocito, Armando S\u00e1nchez; de Rivadavia, Fabi\u00e1n Mart\u00edn y de Sarmiento, Mario Mart\u00edn; entre otros funcionarios.<\/p>\n<p>&nbsp;<\/p>\n<p>&nbsp;<\/p>\n<p>&nbsp;<\/p>\n<p>&nbsp;<\/p>\n<p>&nbsp;<\/p>\n<p>&nbsp;<\/p>\n","protected":false},"excerpt":{"rendered":"<p>El gobernador de San Juan, Dr.\u00a0Sergio U\u00f1ac recibi\u00f3 al ministro de Obras P\u00fablicas de la Naci\u00f3n, Dr. Gabriel Katopodis, quien<\/p>\n","protected":false},"author":3,"featured_media":34409,"comment_status":"closed","ping_status":"closed","sticky":false,"template":"","format":"video","meta":{"_acf_changed":false,"_seopress_robots_primary_cat":"none","_seopress_titles_title":"","_seopress_titles_desc":"","_seopress_robots_index":"","colormag_page_container_layout":"default_layout","colormag_page_sidebar_layout":"default_layout","footnotes":""},"categories":[1,7],"tags":[],"class_list":["post-34406","post","type-post","status-publish","format-video","has-post-thumbnail","hentry","category-destacadas","category-videos","post_format-post-format-video"],"acf":[],"_links":{"self":[{"href":"https:\/\/vocesparalelas.com.ar\/sitio\/wp-json\/wp\/v2\/posts\/34406","targetHints":{"allow":["GET"]}}],"collection":[{"href":"https:\/\/vocesparalelas.com.ar\/sitio\/wp-json\/wp\/v2\/posts"}],"about":[{"href":"https:\/\/vocesparalelas.com.ar\/sitio\/wp-json\/wp\/v2\/types\/post"}],"author":[{"embeddable":true,"href":"https:\/\/vocesparalelas.com.ar\/sitio\/wp-json\/wp\/v2\/users\/3"}],"replies":[{"embeddable":true,"href":"https:\/\/vocesparalelas.com.ar\/sitio\/wp-json\/wp\/v2\/comments?post=34406"}],"version-history":[{"count":2,"href":"https:\/\/vocesparalelas.com.ar\/sitio\/wp-json\/wp\/v2\/posts\/34406\/revisions"}],"predecessor-version":[{"id":34415,"href":"https:\/\/vocesparalelas.com.ar\/sitio\/wp-json\/wp\/v2\/posts\/34406\/revisions\/34415"}],"wp:featuredmedia":[{"embeddable":true,"href":"https:\/\/vocesparalelas.com.ar\/sitio\/wp-json\/wp\/v2\/media\/34409"}],"wp:attachment":[{"href":"https:\/\/vocesparalelas.com.ar\/sitio\/wp-json\/wp\/v2\/media?parent=34406"}],"wp:term":[{"taxonomy":"category","embeddable":true,"href":"https:\/\/vocesparalelas.com.ar\/sitio\/wp-json\/wp\/v2\/categories?post=34406"},{"taxonomy":"post_tag","embeddable":true,"href":"https:\/\/vocesparalelas.com.ar\/sitio\/wp-json\/wp\/v2\/tags?post=34406"}],"curies":[{"name":"wp","href":"https:\/\/api.w.org\/{rel}","templated":true}]}}