{"id":34403,"date":"2021-01-20T01:45:38","date_gmt":"2021-01-20T04:45:38","guid":{"rendered":"http:\/\/vocesparalelas.com.ar\/sitio\/?p=34403"},"modified":"2021-01-20T01:45:38","modified_gmt":"2021-01-20T04:45:38","slug":"ante-un-sismo-evita-saturar-las-lineas-telefonicas","status":"publish","type":"post","link":"https:\/\/vocesparalelas.com.ar\/sitio\/ante-un-sismo-evita-saturar-las-lineas-telefonicas\/","title":{"rendered":"Ante un sismo, evit\u00e1 saturar las l\u00edneas telef\u00f3nicas"},"content":{"rendered":"<p>Ante la ocurrencia de un sismo, el Gobierno de San Juan solicita hacer uso responsable de la telefon\u00eda y de internet para posibilitar que las personas que tengan urgencias o emergencias puedan contar con la conectividad.<\/p>\n<p>Por ello, se debe evitar el env\u00edo de im\u00e1genes y videos que puedan provocar una saturaci\u00f3n de los sistemas de comunicaci\u00f3n.<\/p>\n<p>Asimismo, se recomienda a la poblaci\u00f3n informarse exclusivamente a trav\u00e9s de canales informativos oficiales, como SI San Juan y el sitio web del Inpres.<\/p>\n<p>&nbsp;<\/p>\n","protected":false},"excerpt":{"rendered":"<p>Ante la ocurrencia de un sismo, el Gobierno de San Juan solicita hacer uso responsable de la telefon\u00eda y de<\/p>\n","protected":false},"author":3,"featured_media":1245,"comment_status":"closed","ping_status":"closed","sticky":false,"template":"","format":"standard","meta":{"_acf_changed":false,"_seopress_robots_primary_cat":"none","_seopress_titles_title":"","_seopress_titles_desc":"","_seopress_robots_index":"","colormag_page_container_layout":"default_layout","colormag_page_sidebar_layout":"default_layout","footnotes":""},"categories":[1],"tags":[],"class_list":["post-34403","post","type-post","status-publish","format-standard","has-post-thumbnail","hentry","category-destacadas"],"acf":[],"_links":{"self":[{"href":"https:\/\/vocesparalelas.com.ar\/sitio\/wp-json\/wp\/v2\/posts\/34403","targetHints":{"allow":["GET"]}}],"collection":[{"href":"https:\/\/vocesparalelas.com.ar\/sitio\/wp-json\/wp\/v2\/posts"}],"about":[{"href":"https:\/\/vocesparalelas.com.ar\/sitio\/wp-json\/wp\/v2\/types\/post"}],"author":[{"embeddable":true,"href":"https:\/\/vocesparalelas.com.ar\/sitio\/wp-json\/wp\/v2\/users\/3"}],"replies":[{"embeddable":true,"href":"https:\/\/vocesparalelas.com.ar\/sitio\/wp-json\/wp\/v2\/comments?post=34403"}],"version-history":[{"count":1,"href":"https:\/\/vocesparalelas.com.ar\/sitio\/wp-json\/wp\/v2\/posts\/34403\/revisions"}],"predecessor-version":[{"id":34405,"href":"https:\/\/vocesparalelas.com.ar\/sitio\/wp-json\/wp\/v2\/posts\/34403\/revisions\/34405"}],"wp:featuredmedia":[{"embeddable":true,"href":"https:\/\/vocesparalelas.com.ar\/sitio\/wp-json\/wp\/v2\/media\/1245"}],"wp:attachment":[{"href":"https:\/\/vocesparalelas.com.ar\/sitio\/wp-json\/wp\/v2\/media?parent=34403"}],"wp:term":[{"taxonomy":"category","embeddable":true,"href":"https:\/\/vocesparalelas.com.ar\/sitio\/wp-json\/wp\/v2\/categories?post=34403"},{"taxonomy":"post_tag","embeddable":true,"href":"https:\/\/vocesparalelas.com.ar\/sitio\/wp-json\/wp\/v2\/tags?post=34403"}],"curies":[{"name":"wp","href":"https:\/\/api.w.org\/{rel}","templated":true}]}}