{"id":34399,"date":"2021-01-20T01:41:56","date_gmt":"2021-01-20T04:41:56","guid":{"rendered":"http:\/\/vocesparalelas.com.ar\/sitio\/?p=34399"},"modified":"2021-01-21T20:43:21","modified_gmt":"2021-01-21T23:43:21","slug":"colecta-solidaria-por-los-damnificados-del-terremoto-en-san-juan","status":"publish","type":"post","link":"https:\/\/vocesparalelas.com.ar\/sitio\/colecta-solidaria-por-los-damnificados-del-terremoto-en-san-juan\/","title":{"rendered":"Colecta Solidaria por los damnificados del Terremoto en San Juan"},"content":{"rendered":"<p>A ra\u00edz de los da\u00f1os ocasionados por el terremoto, organizaciones sociales y sindicales realizan una campa\u00f1a de colecta solidaria para ayudar a los damnificados.<\/p>\n<p>Se puede\u00a0donar agua potable, alimentos no perecederos, art\u00edculos de higiene y dem\u00e1s para ayudar a las familias de distintos departamentos que han sufrido la p\u00e9rdida total o da\u00f1os graves en sus viviendas.<\/p>\n<p>Las donaciones son recibidas en las sedes de ADICUS, SADOP, UOLRA, La Bancaria, CCC, Frente Patria Grande, Somos Barrios de Pie y en la Uni\u00f3n Vecinal Larman.<\/p>\n<p>Para entregarlas en la Sede Gremial de ADICUS, pueden hacerlo de Lunes a Viernes, de 10 a 19 hs.<\/p>\n<p>#ADICUS #ElGremioUniversitario\u00a0#Campa\u00f1aSolidaria<\/p>\n<p>&nbsp;<\/p>\n<p><img loading=\"lazy\" decoding=\"async\" class=\"alignnone wp-image-34401 size-full\" src=\"https:\/\/vocesparalelas.com.ar\/sitio\/wp-content\/uploads\/2021\/01\/ADICUS-COLECTA-SOLIDARIA.jpg\" alt=\"\" width=\"800\" height=\"945\" srcset=\"https:\/\/vocesparalelas.com.ar\/sitio\/wp-content\/uploads\/2021\/01\/ADICUS-COLECTA-SOLIDARIA.jpg 800w, https:\/\/vocesparalelas.com.ar\/sitio\/wp-content\/uploads\/2021\/01\/ADICUS-COLECTA-SOLIDARIA-254x300.jpg 254w, https:\/\/vocesparalelas.com.ar\/sitio\/wp-content\/uploads\/2021\/01\/ADICUS-COLECTA-SOLIDARIA-677x800.jpg 677w, https:\/\/vocesparalelas.com.ar\/sitio\/wp-content\/uploads\/2021\/01\/ADICUS-COLECTA-SOLIDARIA-768x907.jpg 768w\" sizes=\"auto, (max-width: 800px) 100vw, 800px\" \/><\/p>\n","protected":false},"excerpt":{"rendered":"<p>A ra\u00edz de los da\u00f1os ocasionados por el terremoto, organizaciones sociales y sindicales realizan una campa\u00f1a de colecta solidaria para<\/p>\n","protected":false},"author":3,"featured_media":15835,"comment_status":"closed","ping_status":"closed","sticky":false,"template":"","format":"standard","meta":{"_acf_changed":false,"_seopress_robots_primary_cat":"none","_seopress_titles_title":"","_seopress_titles_desc":"","_seopress_robots_index":"","colormag_page_container_layout":"default_layout","colormag_page_sidebar_layout":"default_layout","footnotes":""},"categories":[2],"tags":[],"class_list":["post-34399","post","type-post","status-publish","format-standard","has-post-thumbnail","hentry","category-convocatorias"],"acf":[],"_links":{"self":[{"href":"https:\/\/vocesparalelas.com.ar\/sitio\/wp-json\/wp\/v2\/posts\/34399","targetHints":{"allow":["GET"]}}],"collection":[{"href":"https:\/\/vocesparalelas.com.ar\/sitio\/wp-json\/wp\/v2\/posts"}],"about":[{"href":"https:\/\/vocesparalelas.com.ar\/sitio\/wp-json\/wp\/v2\/types\/post"}],"author":[{"embeddable":true,"href":"https:\/\/vocesparalelas.com.ar\/sitio\/wp-json\/wp\/v2\/users\/3"}],"replies":[{"embeddable":true,"href":"https:\/\/vocesparalelas.com.ar\/sitio\/wp-json\/wp\/v2\/comments?post=34399"}],"version-history":[{"count":1,"href":"https:\/\/vocesparalelas.com.ar\/sitio\/wp-json\/wp\/v2\/posts\/34399\/revisions"}],"predecessor-version":[{"id":34402,"href":"https:\/\/vocesparalelas.com.ar\/sitio\/wp-json\/wp\/v2\/posts\/34399\/revisions\/34402"}],"wp:featuredmedia":[{"embeddable":true,"href":"https:\/\/vocesparalelas.com.ar\/sitio\/wp-json\/wp\/v2\/media\/15835"}],"wp:attachment":[{"href":"https:\/\/vocesparalelas.com.ar\/sitio\/wp-json\/wp\/v2\/media?parent=34399"}],"wp:term":[{"taxonomy":"category","embeddable":true,"href":"https:\/\/vocesparalelas.com.ar\/sitio\/wp-json\/wp\/v2\/categories?post=34399"},{"taxonomy":"post_tag","embeddable":true,"href":"https:\/\/vocesparalelas.com.ar\/sitio\/wp-json\/wp\/v2\/tags?post=34399"}],"curies":[{"name":"wp","href":"https:\/\/api.w.org\/{rel}","templated":true}]}}