{"id":34373,"date":"2021-01-19T23:54:12","date_gmt":"2021-01-20T02:54:12","guid":{"rendered":"http:\/\/vocesparalelas.com.ar\/sitio\/?p=34373"},"modified":"2021-01-19T23:54:12","modified_gmt":"2021-01-20T02:54:12","slug":"el-centro-civico-no-sufrio-danos-estructurales-con-el-terremoto-en-san-juan","status":"publish","type":"post","link":"https:\/\/vocesparalelas.com.ar\/sitio\/el-centro-civico-no-sufrio-danos-estructurales-con-el-terremoto-en-san-juan\/","title":{"rendered":"El Centro C\u00edvico no sufri\u00f3 da\u00f1os estructurales con el terremoto en San Juan"},"content":{"rendered":"<p>Tras el fuerte movimiento s\u00edsmico ocurrido en la noche del Lunes, 18 de Enero, personal de Control Operativo trabaj\u00f3 inmediatamente en el relevamiento del edificio que alberga a la administraci\u00f3n p\u00fablica, el Centro C\u00edvico.<\/p>\n<p>Seg\u00fan coment\u00f3 el director de la DCO, Ing. Andr\u00e9s Sastriques, \u201cluego del sismo, comenzamos con un recorrido del edificio para detectar las primeras fallas. Tras contactarnos con el personal de seguridad y conocer su buen estado de salud; comenzamos a recorrer sala de bombas, azotea y subsuelos, desconectando dispensers y otros artefactos el\u00e9ctricos\u201d.<\/p>\n<p>A primera hora, personal de repartici\u00f3n mencionada conjuntamente con la Direcci\u00f3n de Planeamiento y Desarrollo Urbano realizaron un relevamiento y control edilicio donde detectaron \u00fanicamente da\u00f1os de car\u00e1cter est\u00e9tico. Sastriques detall\u00f3 al respecto: \u201cLas estructuras est\u00e1n intactas, Planeamiento asegura que el edificio est\u00e1 para su ocupaci\u00f3n inmediata. Los da\u00f1os son est\u00e9ticos, es decir, revestimientos, revoques, cielorrasos, cer\u00e1micos, placas de m\u00e1rmol que se cayeron. Dentro de las oficinas, armarios y otros muebles\u201d.<\/p>\n<p>Teniendo en cuenta que el Centro C\u00edvico es un edificio de cinco pisos con doble altura, la oscilaci\u00f3n es bastante alta. Sin embargo, los servicios de electricidad, servidores, cloacas, agua, etc. funcionaron y contin\u00faan funcionando con normalidad. No se han reportado da\u00f1os mayores. Es necesario destacar e insistir al personal que trabaja en el edificio que evite colocar en las oficinas objetos en altura (macetas, expedientes, cajas, etc.) que sobrepasen la cabeza. Esto puede provocar lesiones ante un evento s\u00edsmico.<\/p>\n<p>Para finalizar, el Ing. Andr\u00e9s Sastriques destac\u00f3 que \u201cel personal continuar\u00e1 trabajando en la revisaci\u00f3n y detecci\u00f3n de da\u00f1os para establecer el alcance y los arreglos correspondientes para tener el edificio operativo en un 100%\u201d.<\/p>\n","protected":false},"excerpt":{"rendered":"<p>Tras el fuerte movimiento s\u00edsmico ocurrido en la noche del Lunes, 18 de Enero, personal de Control Operativo trabaj\u00f3 inmediatamente<\/p>\n","protected":false},"author":3,"featured_media":30577,"comment_status":"closed","ping_status":"closed","sticky":false,"template":"","format":"standard","meta":{"_acf_changed":false,"_seopress_robots_primary_cat":"none","_seopress_titles_title":"","_seopress_titles_desc":"","_seopress_robots_index":"","colormag_page_container_layout":"default_layout","colormag_page_sidebar_layout":"default_layout","footnotes":""},"categories":[1],"tags":[],"class_list":["post-34373","post","type-post","status-publish","format-standard","has-post-thumbnail","hentry","category-destacadas"],"acf":[],"_links":{"self":[{"href":"https:\/\/vocesparalelas.com.ar\/sitio\/wp-json\/wp\/v2\/posts\/34373","targetHints":{"allow":["GET"]}}],"collection":[{"href":"https:\/\/vocesparalelas.com.ar\/sitio\/wp-json\/wp\/v2\/posts"}],"about":[{"href":"https:\/\/vocesparalelas.com.ar\/sitio\/wp-json\/wp\/v2\/types\/post"}],"author":[{"embeddable":true,"href":"https:\/\/vocesparalelas.com.ar\/sitio\/wp-json\/wp\/v2\/users\/3"}],"replies":[{"embeddable":true,"href":"https:\/\/vocesparalelas.com.ar\/sitio\/wp-json\/wp\/v2\/comments?post=34373"}],"version-history":[{"count":1,"href":"https:\/\/vocesparalelas.com.ar\/sitio\/wp-json\/wp\/v2\/posts\/34373\/revisions"}],"predecessor-version":[{"id":34376,"href":"https:\/\/vocesparalelas.com.ar\/sitio\/wp-json\/wp\/v2\/posts\/34373\/revisions\/34376"}],"wp:featuredmedia":[{"embeddable":true,"href":"https:\/\/vocesparalelas.com.ar\/sitio\/wp-json\/wp\/v2\/media\/30577"}],"wp:attachment":[{"href":"https:\/\/vocesparalelas.com.ar\/sitio\/wp-json\/wp\/v2\/media?parent=34373"}],"wp:term":[{"taxonomy":"category","embeddable":true,"href":"https:\/\/vocesparalelas.com.ar\/sitio\/wp-json\/wp\/v2\/categories?post=34373"},{"taxonomy":"post_tag","embeddable":true,"href":"https:\/\/vocesparalelas.com.ar\/sitio\/wp-json\/wp\/v2\/tags?post=34373"}],"curies":[{"name":"wp","href":"https:\/\/api.w.org\/{rel}","templated":true}]}}