{"id":34338,"date":"2021-01-18T21:36:41","date_gmt":"2021-01-19T00:36:41","guid":{"rendered":"http:\/\/vocesparalelas.com.ar\/sitio\/?p=34338"},"modified":"2021-01-18T21:36:41","modified_gmt":"2021-01-19T00:36:41","slug":"capacitan-en-lengua-de-senas-al-personal-de-la-administracion-publica-de-san-juan","status":"publish","type":"post","link":"https:\/\/vocesparalelas.com.ar\/sitio\/capacitan-en-lengua-de-senas-al-personal-de-la-administracion-publica-de-san-juan\/","title":{"rendered":"Capacitan en lengua de se\u00f1as al personal de la administraci\u00f3n p\u00fablica de San Juan"},"content":{"rendered":"<p>El lenguaje es un elemento fundamental de comunicaci\u00f3n dentro de la sociedad para comunicarse con las personas con discapacidad auditiva. La Lengua de se\u00f1as constituye un pilar necesario para la interacci\u00f3n diaria y para el acceso a la informaci\u00f3n.<\/p>\n<p>En este sentido, el Ministerio de Desarrollo Humano y Promoci\u00f3n Social del Gobierno de San Juan, a trav\u00e9s de la Direcci\u00f3n de Personas con Discapacidad, comenz\u00f3 a capacitar a 25 trabajadores de islas y mesas de entrada del Centro C\u00edvico, buscando garantizar la inclusi\u00f3n de las personas sordas en las instituciones p\u00fablicas.<\/p>\n<p><img loading=\"lazy\" decoding=\"async\" class=\"alignnone wp-image-34341 size-full\" src=\"https:\/\/vocesparalelas.com.ar\/sitio\/wp-content\/uploads\/2021\/01\/SENA-LENGUA-02.jpg\" alt=\"\" width=\"800\" height=\"533\" srcset=\"https:\/\/vocesparalelas.com.ar\/sitio\/wp-content\/uploads\/2021\/01\/SENA-LENGUA-02.jpg 800w, https:\/\/vocesparalelas.com.ar\/sitio\/wp-content\/uploads\/2021\/01\/SENA-LENGUA-02-300x200.jpg 300w, https:\/\/vocesparalelas.com.ar\/sitio\/wp-content\/uploads\/2021\/01\/SENA-LENGUA-02-768x512.jpg 768w\" sizes=\"auto, (max-width: 800px) 100vw, 800px\" \/><\/p>\n<p>Al respecto, el ministro de Desarrollo Humano y Promoci\u00f3n Social, Prof. Fabian Aballay, expres\u00f3 que \u201cel lenguaje es fundamental dentro de la sociedad y es tan importante la comunicaci\u00f3n, por lo que la lengua de se\u00f1as constituye un pilar necesario para la interacci\u00f3n diaria y para el acceso a la informaci\u00f3n. Esto forma parte de las pol\u00edticas inclusivas del Gobierno provincial, entendiendo la importancia de reducir esta brecha, garantizando una mayor inclusi\u00f3n\u201d.<\/p>\n<p>Por su parte el subsecretario de Promoci\u00f3n, Protecci\u00f3n y Desarrollo Social, Marcos Andino, dijo: \u201cDurante el Acuerdo San Juan participaron distintas asociaciones civiles y referentes de discapacidad que plantearon un Centro C\u00edvico moderno, con accesibilidad, pero el recurso humano era materia pendiente y este es el punto de partida. Comenzamos a entender la importancia de que en el personal de mesa de entrada haya gente capacitada como int\u00e9rprete, y esto tiene que ver con un Estado moderno, un Estado que tiene que dar respuestas a este sector\u201d.<\/p>\n<p>A su vez, la directora de la Direcci\u00f3n de Personas con Discapacidad, Andrea Lepez, se\u00f1al\u00f3 que \u201ccomenzar hoy con este curso de nivel b\u00e1sico de lengua de se\u00f1as es un orgullo porque la accesibilidad en la comunicaci\u00f3n es uno de los objetivos principales del Estado provincial. Trabajar en conjunto con la Asociaci\u00f3n de Int\u00e9rprete de Lengua de Se\u00f1as y con la comunidad sorda para que este curso se lleve a cabo genera una gran satisfacci\u00f3n. El mismo est\u00e1 destinado a los empleados de las distintas mesas de informes del Centro C\u00edvico, quienes est\u00e1n en inmediato contacto con la persona con discapacidad\u201d.<\/p>\n<p>El profesor de lengua de se\u00f1as Rodolfo Domingo Vega, encargado del dictado de clases, dijo en dicha lengua: \u201cYo soy un profesor sordo, y nosotros nos sentimos muy contentos, porque la accesibilidad ac\u00e1 es lo mejor. Lo m\u00e1s importante es estar atentos, mirar muy bien la lengua de se\u00f1as; es dif\u00edcil, pero se puede, hay que luchar, se puede ganar. Es muy importante la lengua de se\u00f1as porque es una estructura natural claramente para los sordos. Hay que aprender esa estructura, hay que estudiar, hay que compartir, hay que abrir un puente de comunicaci\u00f3n\u201d.<\/p>\n<p>Adem\u00e1s, la integrante de la Asociaci\u00f3n de Int\u00e9rprete de Lengua de Se\u00f1as, Romina Pereyra, consider\u00f3 que \u201cpara la Asociaci\u00f3n de Int\u00e9rpretes y la comunidad sorda es un acontecimiento muy importante esta capacitaci\u00f3n, porque es un paso gigante para la inclusi\u00f3n y para la apertura de puentes comunicacionales. La presencia de ustedes es s\u00faper importante, porque esto supone un inter\u00e9s en mejorar d\u00eda a d\u00eda la comunicaci\u00f3n\u201d.<\/p>\n<p>El curso es gratuito y tiene una duraci\u00f3n de dos meses, con modalidad virtual, dos horas dos veces a la semana. Los asistentes conocer\u00e1n sobre los principios b\u00e1sicos de la comunicaci\u00f3n, asimilar el vocabulario y a comprender las reglas l\u00e9xicas del lenguaje de se\u00f1as para mejorar la comunicaci\u00f3n entre oyentes y personas con discapacidad auditiva.<\/p>\n<p><img loading=\"lazy\" decoding=\"async\" class=\"alignnone wp-image-34340 size-full\" src=\"https:\/\/vocesparalelas.com.ar\/sitio\/wp-content\/uploads\/2021\/01\/SENA-LENGUA-01.jpg\" alt=\"\" width=\"800\" height=\"533\" srcset=\"https:\/\/vocesparalelas.com.ar\/sitio\/wp-content\/uploads\/2021\/01\/SENA-LENGUA-01.jpg 800w, https:\/\/vocesparalelas.com.ar\/sitio\/wp-content\/uploads\/2021\/01\/SENA-LENGUA-01-300x200.jpg 300w, https:\/\/vocesparalelas.com.ar\/sitio\/wp-content\/uploads\/2021\/01\/SENA-LENGUA-01-768x512.jpg 768w\" sizes=\"auto, (max-width: 800px) 100vw, 800px\" \/><\/p>\n<p>&nbsp;<\/p>\n<p>&nbsp;<\/p>\n","protected":false},"excerpt":{"rendered":"<p>El lenguaje es un elemento fundamental de comunicaci\u00f3n dentro de la sociedad para comunicarse con las personas con discapacidad auditiva.<\/p>\n","protected":false},"author":3,"featured_media":34342,"comment_status":"closed","ping_status":"closed","sticky":false,"template":"","format":"standard","meta":{"_acf_changed":false,"_seopress_robots_primary_cat":"none","_seopress_titles_title":"","_seopress_titles_desc":"","_seopress_robots_index":"","colormag_page_container_layout":"default_layout","colormag_page_sidebar_layout":"default_layout","footnotes":""},"categories":[1],"tags":[],"class_list":["post-34338","post","type-post","status-publish","format-standard","has-post-thumbnail","hentry","category-destacadas"],"acf":[],"_links":{"self":[{"href":"https:\/\/vocesparalelas.com.ar\/sitio\/wp-json\/wp\/v2\/posts\/34338","targetHints":{"allow":["GET"]}}],"collection":[{"href":"https:\/\/vocesparalelas.com.ar\/sitio\/wp-json\/wp\/v2\/posts"}],"about":[{"href":"https:\/\/vocesparalelas.com.ar\/sitio\/wp-json\/wp\/v2\/types\/post"}],"author":[{"embeddable":true,"href":"https:\/\/vocesparalelas.com.ar\/sitio\/wp-json\/wp\/v2\/users\/3"}],"replies":[{"embeddable":true,"href":"https:\/\/vocesparalelas.com.ar\/sitio\/wp-json\/wp\/v2\/comments?post=34338"}],"version-history":[{"count":1,"href":"https:\/\/vocesparalelas.com.ar\/sitio\/wp-json\/wp\/v2\/posts\/34338\/revisions"}],"predecessor-version":[{"id":34343,"href":"https:\/\/vocesparalelas.com.ar\/sitio\/wp-json\/wp\/v2\/posts\/34338\/revisions\/34343"}],"wp:featuredmedia":[{"embeddable":true,"href":"https:\/\/vocesparalelas.com.ar\/sitio\/wp-json\/wp\/v2\/media\/34342"}],"wp:attachment":[{"href":"https:\/\/vocesparalelas.com.ar\/sitio\/wp-json\/wp\/v2\/media?parent=34338"}],"wp:term":[{"taxonomy":"category","embeddable":true,"href":"https:\/\/vocesparalelas.com.ar\/sitio\/wp-json\/wp\/v2\/categories?post=34338"},{"taxonomy":"post_tag","embeddable":true,"href":"https:\/\/vocesparalelas.com.ar\/sitio\/wp-json\/wp\/v2\/tags?post=34338"}],"curies":[{"name":"wp","href":"https:\/\/api.w.org\/{rel}","templated":true}]}}