{"id":34331,"date":"2021-01-18T20:36:08","date_gmt":"2021-01-18T23:36:08","guid":{"rendered":"http:\/\/vocesparalelas.com.ar\/sitio\/?p=34331"},"modified":"2021-01-18T20:36:08","modified_gmt":"2021-01-18T23:36:08","slug":"desde-nacion-valoramos-mucho-ese-paso-esa-decision-que-tuvo-el-gobernador-unac-con-todo-su-equipo","status":"publish","type":"post","link":"https:\/\/vocesparalelas.com.ar\/sitio\/desde-nacion-valoramos-mucho-ese-paso-esa-decision-que-tuvo-el-gobernador-unac-con-todo-su-equipo\/","title":{"rendered":"\u00abDesde Naci\u00f3n valoramos mucho ese paso, esa decisi\u00f3n que tuvo el gobernador U\u00f1ac con todo su equipo\u00bb"},"content":{"rendered":"<p>Durante la tarde del Lunes, 18 de Enero, el ministro de Educaci\u00f3n de la Naci\u00f3n, Dr. Nicol\u00e1s Trotta, arrib\u00f3 a la provincia de San Juan para reunirse con el gobernador, Dr. Sergio U\u00f1ac y el Ministro de Educaci\u00f3n, Lic. Felipe De Los R\u00edos, amos acompa\u00f1ados por una comitiva.<\/p>\n<p>Previo a la reuni\u00f3n que mantuvieron en dicho lugar, el funcionario nacional tuvo palabras de elogios hacia la persona del gobernador, Dr. Sergio U\u00f1ac.<\/p>\n<p>En primer lugar, el ministro de Educaci\u00f3n de la Naci\u00f3n, Dr. Nicol\u00e1s Trotta explic\u00f3 que iniciaron \u00aben San Juan una recorrida por la Regi\u00f3n Cuyo reafirmando el compromiso del Gobierno nacional y de las provincias en avanzar con el regreso del inicio lectivo 2021. Maximizar toda la presencialidad es el desaf\u00edo que tenemos por delante\u201d.<\/p>\n<p>\u00abEl retorno a la escuela debe ser cuidado para que permita transitar los aprendizajes centrales de este ciclo lectivo y los que quedaron pendientes en el 2020\u201d.<\/p>\n<p>\u00abSan Juan, fue la primera provincia que logr\u00f3 un regreso seguro a las aulas y muy importante para todo nuestro sistema educativo\u201d.<\/p>\n<p>\u201cDesde Naci\u00f3n valoramos mucho ese paso, esa decisi\u00f3n que tuvo el gobernador U\u00f1ac con todo su equipo y a partir de esa experiencia logramos que se empiece a multiplicar tambi\u00e9n en otras jurisdicciones de nuestro pa\u00eds\u201d.<\/p>\n<p>\u00abEs muy importante fortalecer la priorizaci\u00f3n de la agenda educativa, eso es parte de lo que pretendemos llevar adelante con el gobernador U\u00f1ac en las tantas reuniones que tuvimos en el 2020 y hoy, inaugurando esa agenda en el 2021\u201d &#8211; sintetiz\u00f3 el Dr. Trotta.<\/p>\n<p>&nbsp;<\/p>\n<p><iframe loading=\"lazy\" title=\"Trotta puso en valor el compromiso de San Juan con la educaci\u00f3n\" width=\"800\" height=\"450\" src=\"https:\/\/www.youtube.com\/embed\/tHj6JxtZPmU?feature=oembed\" frameborder=\"0\" allow=\"accelerometer; autoplay; clipboard-write; encrypted-media; gyroscope; picture-in-picture\" allowfullscreen><\/iframe><\/p>\n<p>&nbsp;<\/p>\n<p>&nbsp;<\/p>\n<p><img loading=\"lazy\" decoding=\"async\" class=\"alignnone wp-image-34334 size-full\" src=\"https:\/\/vocesparalelas.com.ar\/sitio\/wp-content\/uploads\/2021\/01\/TROTTA-SAN-JUAN-02.jpg\" alt=\"\" width=\"800\" height=\"506\" srcset=\"https:\/\/vocesparalelas.com.ar\/sitio\/wp-content\/uploads\/2021\/01\/TROTTA-SAN-JUAN-02.jpg 800w, https:\/\/vocesparalelas.com.ar\/sitio\/wp-content\/uploads\/2021\/01\/TROTTA-SAN-JUAN-02-300x190.jpg 300w, https:\/\/vocesparalelas.com.ar\/sitio\/wp-content\/uploads\/2021\/01\/TROTTA-SAN-JUAN-02-768x486.jpg 768w\" sizes=\"auto, (max-width: 800px) 100vw, 800px\" \/><\/p>\n","protected":false},"excerpt":{"rendered":"<p>Durante la tarde del Lunes, 18 de Enero, el ministro de Educaci\u00f3n de la Naci\u00f3n, Dr. Nicol\u00e1s Trotta, arrib\u00f3 a<\/p>\n","protected":false},"author":3,"featured_media":34333,"comment_status":"closed","ping_status":"closed","sticky":false,"template":"","format":"video","meta":{"_acf_changed":false,"_seopress_robots_primary_cat":"none","_seopress_titles_title":"","_seopress_titles_desc":"","_seopress_robots_index":"","colormag_page_container_layout":"default_layout","colormag_page_sidebar_layout":"default_layout","footnotes":""},"categories":[1,7],"tags":[],"class_list":["post-34331","post","type-post","status-publish","format-video","has-post-thumbnail","hentry","category-destacadas","category-videos","post_format-post-format-video"],"acf":[],"_links":{"self":[{"href":"https:\/\/vocesparalelas.com.ar\/sitio\/wp-json\/wp\/v2\/posts\/34331","targetHints":{"allow":["GET"]}}],"collection":[{"href":"https:\/\/vocesparalelas.com.ar\/sitio\/wp-json\/wp\/v2\/posts"}],"about":[{"href":"https:\/\/vocesparalelas.com.ar\/sitio\/wp-json\/wp\/v2\/types\/post"}],"author":[{"embeddable":true,"href":"https:\/\/vocesparalelas.com.ar\/sitio\/wp-json\/wp\/v2\/users\/3"}],"replies":[{"embeddable":true,"href":"https:\/\/vocesparalelas.com.ar\/sitio\/wp-json\/wp\/v2\/comments?post=34331"}],"version-history":[{"count":1,"href":"https:\/\/vocesparalelas.com.ar\/sitio\/wp-json\/wp\/v2\/posts\/34331\/revisions"}],"predecessor-version":[{"id":34335,"href":"https:\/\/vocesparalelas.com.ar\/sitio\/wp-json\/wp\/v2\/posts\/34331\/revisions\/34335"}],"wp:featuredmedia":[{"embeddable":true,"href":"https:\/\/vocesparalelas.com.ar\/sitio\/wp-json\/wp\/v2\/media\/34333"}],"wp:attachment":[{"href":"https:\/\/vocesparalelas.com.ar\/sitio\/wp-json\/wp\/v2\/media?parent=34331"}],"wp:term":[{"taxonomy":"category","embeddable":true,"href":"https:\/\/vocesparalelas.com.ar\/sitio\/wp-json\/wp\/v2\/categories?post=34331"},{"taxonomy":"post_tag","embeddable":true,"href":"https:\/\/vocesparalelas.com.ar\/sitio\/wp-json\/wp\/v2\/tags?post=34331"}],"curies":[{"name":"wp","href":"https:\/\/api.w.org\/{rel}","templated":true}]}}