{"id":34318,"date":"2021-01-15T20:49:55","date_gmt":"2021-01-15T23:49:55","guid":{"rendered":"http:\/\/vocesparalelas.com.ar\/sitio\/?p=34318"},"modified":"2021-01-15T20:49:55","modified_gmt":"2021-01-15T23:49:55","slug":"se-recordo-a-los-fallecidos-del-terremoto-de-1944-de-san-juan","status":"publish","type":"post","link":"https:\/\/vocesparalelas.com.ar\/sitio\/se-recordo-a-los-fallecidos-del-terremoto-de-1944-de-san-juan\/","title":{"rendered":"Se record\u00f3 a los fallecidos del terremoto de 1944 de San Juan"},"content":{"rendered":"<p>El 15 de enero de 1944 San Juan sufri\u00f3 el sismo que m\u00e1s v\u00edctimas se cobr\u00f3 en Argentina. Cerca de 10 mil muertos y una ciudad pr\u00e1cticamente desaparecida fue el saldo de este desastre natural, que tuvo una magnitud de 7,4 en la escala de Richter y una intensidad de IX en la escala de Mercalli, a una profundidad de 11 kil\u00f3metros.<\/p>\n<p>Para recordar ese acontecimiento, el Viernes, 15 de Enero, \u00a0al cumplirse 77 a\u00f1os de aquella fecha, el gobernador de San Juan, Dr. Sergio U\u00f1ac, asisti\u00f3 a iglesia-convento de Santo Domingo, para la colocaci\u00f3n de una ofrenda recordatoria.<\/p>\n<p>En contexto de pandemia, el primer mandatario fue recibido por el cura p\u00e1rroco Rafael Cunsulo, con qui\u00e9n comparti\u00f3 una oraci\u00f3n por los fallecidos en la mayor tragedia que enfrent\u00f3 San Juan.<\/p>\n<p>\u00abEstamos recordando, simb\u00f3licamente, la tragedia m\u00e1s importante y dolorosa que tuvo San Juan. El 15 de enero de 1944, el terremoto provoc\u00f3 m\u00e1s de 10 mil muertes y arras\u00f3 con toda la infraestructura edilicia\u00bb, se\u00f1al\u00f3 U\u00f1ac.<\/p>\n<p>\u00abDesde ah\u00ed a la fecha, nos hemos puestos de pie, tenemos esta provincia que tanto queremos, el pedido es recordar a todos los fallecidos y seguir pensando, en homenaje a ellos, construyendo todos juntos pensando tambi\u00e9n en las futuras generaciones\u00bb, reflexion\u00f3 U\u00f1ac.<\/p>\n<p>Por su padre, el padre Cunsulo, en el mismo sentido que el primer mandatario, analiz\u00f3 que el terremoto del &#8217;44 \u00abfue un hecho muy doloroso, significativo para toda la sociedad sanjuanina, lo sentimos muy profundamente y por eso a\u00f1o tras a\u00f1o, lo recordamos. Recordamos la gran solidaridad que hubo de parte de toda la Argentina\u00bb.<\/p>\n<p>A su vez, Cunsulo destac\u00f3 \u00abla caridad cristiana\u00bb manifiesta durante la cat\u00e1strofe ya que en esa \u00e9poca, el p\u00e1rroco de Santo Domingo, \u00absocorri\u00f3 enfermos y brind\u00f3 sepultura a los fallecidos, algo muy significativo, motivo por el que las cenizas de los fallecidos descansan en nuestra iglesia\u00bb.<\/p>\n<p><img loading=\"lazy\" decoding=\"async\" class=\"alignnone wp-image-34321 size-full\" src=\"https:\/\/vocesparalelas.com.ar\/sitio\/wp-content\/uploads\/2021\/01\/TERREMOTO-MISA-02.jpg\" alt=\"\" width=\"800\" height=\"800\" srcset=\"https:\/\/vocesparalelas.com.ar\/sitio\/wp-content\/uploads\/2021\/01\/TERREMOTO-MISA-02.jpg 800w, https:\/\/vocesparalelas.com.ar\/sitio\/wp-content\/uploads\/2021\/01\/TERREMOTO-MISA-02-300x300.jpg 300w, https:\/\/vocesparalelas.com.ar\/sitio\/wp-content\/uploads\/2021\/01\/TERREMOTO-MISA-02-150x150.jpg 150w, https:\/\/vocesparalelas.com.ar\/sitio\/wp-content\/uploads\/2021\/01\/TERREMOTO-MISA-02-768x768.jpg 768w\" sizes=\"auto, (max-width: 800px) 100vw, 800px\" \/><\/p>\n","protected":false},"excerpt":{"rendered":"<p>El 15 de enero de 1944 San Juan sufri\u00f3 el sismo que m\u00e1s v\u00edctimas se cobr\u00f3 en Argentina. Cerca de<\/p>\n","protected":false},"author":3,"featured_media":34320,"comment_status":"closed","ping_status":"closed","sticky":false,"template":"","format":"standard","meta":{"_acf_changed":false,"_seopress_robots_primary_cat":"none","_seopress_titles_title":"","_seopress_titles_desc":"","_seopress_robots_index":"","colormag_page_container_layout":"default_layout","colormag_page_sidebar_layout":"default_layout","footnotes":""},"categories":[1],"tags":[],"class_list":["post-34318","post","type-post","status-publish","format-standard","has-post-thumbnail","hentry","category-destacadas"],"acf":[],"_links":{"self":[{"href":"https:\/\/vocesparalelas.com.ar\/sitio\/wp-json\/wp\/v2\/posts\/34318","targetHints":{"allow":["GET"]}}],"collection":[{"href":"https:\/\/vocesparalelas.com.ar\/sitio\/wp-json\/wp\/v2\/posts"}],"about":[{"href":"https:\/\/vocesparalelas.com.ar\/sitio\/wp-json\/wp\/v2\/types\/post"}],"author":[{"embeddable":true,"href":"https:\/\/vocesparalelas.com.ar\/sitio\/wp-json\/wp\/v2\/users\/3"}],"replies":[{"embeddable":true,"href":"https:\/\/vocesparalelas.com.ar\/sitio\/wp-json\/wp\/v2\/comments?post=34318"}],"version-history":[{"count":1,"href":"https:\/\/vocesparalelas.com.ar\/sitio\/wp-json\/wp\/v2\/posts\/34318\/revisions"}],"predecessor-version":[{"id":34322,"href":"https:\/\/vocesparalelas.com.ar\/sitio\/wp-json\/wp\/v2\/posts\/34318\/revisions\/34322"}],"wp:featuredmedia":[{"embeddable":true,"href":"https:\/\/vocesparalelas.com.ar\/sitio\/wp-json\/wp\/v2\/media\/34320"}],"wp:attachment":[{"href":"https:\/\/vocesparalelas.com.ar\/sitio\/wp-json\/wp\/v2\/media?parent=34318"}],"wp:term":[{"taxonomy":"category","embeddable":true,"href":"https:\/\/vocesparalelas.com.ar\/sitio\/wp-json\/wp\/v2\/categories?post=34318"},{"taxonomy":"post_tag","embeddable":true,"href":"https:\/\/vocesparalelas.com.ar\/sitio\/wp-json\/wp\/v2\/tags?post=34318"}],"curies":[{"name":"wp","href":"https:\/\/api.w.org\/{rel}","templated":true}]}}