{"id":34305,"date":"2021-01-15T18:27:08","date_gmt":"2021-01-15T21:27:08","guid":{"rendered":"http:\/\/vocesparalelas.com.ar\/sitio\/?p=34305"},"modified":"2021-01-19T02:42:41","modified_gmt":"2021-01-19T05:42:41","slug":"tecnicaturas-universitaria-en-diseno-de-indumentaria-y-textil-y-en-higiene-y-seguridad-laboral-en-la-industria-de-la-construccion-ofrece-la-faud-de-la-unsj","status":"publish","type":"post","link":"https:\/\/vocesparalelas.com.ar\/sitio\/tecnicaturas-universitaria-en-diseno-de-indumentaria-y-textil-y-en-higiene-y-seguridad-laboral-en-la-industria-de-la-construccion-ofrece-la-faud-de-la-unsj\/","title":{"rendered":"Tecnicaturas \u00abUniversitaria en Dise\u00f1o de Indumentaria y Textil\u00bb y \u00aben Higiene y Seguridad Laboral en la Industria de la Construcci\u00f3n\u00bb ofrece la FAUD de la UNSJ"},"content":{"rendered":"<p>El decano de la FAUD de la UNSJ, Arq. Roberto G\u00f3mez explic\u00f3 que \u00abla historia de los proyectos que en 2020 quedaron truncos por la pandemia ya es conocida porque la Facultad de Arquitectura, Urbanismo y Dise\u00f1o de la Universidad Nacional de San Juan ten\u00eda en sus planes comenzar el dictado de la Tecnicatura Universitaria en Dise\u00f1o de Indumentaria y Textil en la sede J\u00e1chal de la Delegaci\u00f3n Valles Sanjuaninos.<\/p>\n<ul>\n<li><span style=\"color: #008000;\"><strong>Tecnicatura Universitaria en Dise\u00f1o de Indumentaria y Textil <\/strong><\/span><\/li>\n<\/ul>\n<p>\u00abEl aislamiento social primero y el distanciamiento despu\u00e9s, obligaron a posponer para este a\u00f1o la implementaci\u00f3n de esa carrera, que hab\u00eda sido aprobada por el Consejo Superior en 2018 y que ya contaba con un grupo grande de estudiantes inscriptos. Se nos hizo complejo el traslado de docentes hasta la sede de J\u00e1chal porque son muchos alumnos y por las instalaciones disponibles\u201d.<\/p>\n<ul>\n<li><span style=\"color: #008000;\"><strong>Tecnicatura en Higiene y Seguridad Laboral en la Industria de la Construcci\u00f3n<\/strong><\/span><\/li>\n<\/ul>\n<p>\u00abLa otra carrera aprobada en 2018 y cuya intenci\u00f3n es comenzar este a\u00f1o con la primera cohorte, es la Tecnicatura en Higiene y Seguridad Laboral en la Industria de la Construcci\u00f3n. Vamos a poner en marcha esta tecnicatura en uno de los departamentos del Gran San Juan, porque es donde est\u00e1 la mayor cantidad de interesados en cursar esta carrera. De este modo, Higiene y Seguridad Laboral va a ser una carrera dictada por la universidad p\u00fablica y en la provincia, ya que los que quieren estudiar esta carrera deben hacerlo de manera privada o viajando a Mendoza\u201d.<\/p>\n<p>\u00abLa intenci\u00f3n es dictar ambas carreras de pregrado de manera presencial si la situaci\u00f3n sanitaria lo permite. Sin embargo, si el aislamiento contin\u00faa\u00a0hay un plan B en marcha. Ya tenemos armado un proyecto para poder implementar ambas carreras de manera virtual. Esperamos presentarlo en la primera sesi\u00f3n del Consejo Superior y que sea aprobado\u201d &#8211; concluy\u00f3 el Decano G\u00f3mez.<\/p>\n","protected":false},"excerpt":{"rendered":"<p>El decano de la FAUD de la UNSJ, Arq. Roberto G\u00f3mez explic\u00f3 que \u00abla historia de los proyectos que en<\/p>\n","protected":false},"author":3,"featured_media":34309,"comment_status":"closed","ping_status":"closed","sticky":false,"template":"","format":"standard","meta":{"_acf_changed":false,"_seopress_robots_primary_cat":"none","_seopress_titles_title":"","_seopress_titles_desc":"","_seopress_robots_index":"","colormag_page_container_layout":"default_layout","colormag_page_sidebar_layout":"default_layout","footnotes":""},"categories":[5],"tags":[],"class_list":["post-34305","post","type-post","status-publish","format-standard","has-post-thumbnail","hentry","category-ofrecimientos"],"acf":[],"_links":{"self":[{"href":"https:\/\/vocesparalelas.com.ar\/sitio\/wp-json\/wp\/v2\/posts\/34305","targetHints":{"allow":["GET"]}}],"collection":[{"href":"https:\/\/vocesparalelas.com.ar\/sitio\/wp-json\/wp\/v2\/posts"}],"about":[{"href":"https:\/\/vocesparalelas.com.ar\/sitio\/wp-json\/wp\/v2\/types\/post"}],"author":[{"embeddable":true,"href":"https:\/\/vocesparalelas.com.ar\/sitio\/wp-json\/wp\/v2\/users\/3"}],"replies":[{"embeddable":true,"href":"https:\/\/vocesparalelas.com.ar\/sitio\/wp-json\/wp\/v2\/comments?post=34305"}],"version-history":[{"count":1,"href":"https:\/\/vocesparalelas.com.ar\/sitio\/wp-json\/wp\/v2\/posts\/34305\/revisions"}],"predecessor-version":[{"id":34308,"href":"https:\/\/vocesparalelas.com.ar\/sitio\/wp-json\/wp\/v2\/posts\/34305\/revisions\/34308"}],"wp:featuredmedia":[{"embeddable":true,"href":"https:\/\/vocesparalelas.com.ar\/sitio\/wp-json\/wp\/v2\/media\/34309"}],"wp:attachment":[{"href":"https:\/\/vocesparalelas.com.ar\/sitio\/wp-json\/wp\/v2\/media?parent=34305"}],"wp:term":[{"taxonomy":"category","embeddable":true,"href":"https:\/\/vocesparalelas.com.ar\/sitio\/wp-json\/wp\/v2\/categories?post=34305"},{"taxonomy":"post_tag","embeddable":true,"href":"https:\/\/vocesparalelas.com.ar\/sitio\/wp-json\/wp\/v2\/tags?post=34305"}],"curies":[{"name":"wp","href":"https:\/\/api.w.org\/{rel}","templated":true}]}}