{"id":34300,"date":"2021-01-14T23:29:51","date_gmt":"2021-01-15T02:29:51","guid":{"rendered":"http:\/\/vocesparalelas.com.ar\/sitio\/?p=34300"},"modified":"2021-01-19T02:41:01","modified_gmt":"2021-01-19T05:41:01","slug":"se-ofrece-una-visita-al-san-juan-antes-del-terremoto-de-1944-con-una-realidad-aumentada","status":"publish","type":"post","link":"https:\/\/vocesparalelas.com.ar\/sitio\/se-ofrece-una-visita-al-san-juan-antes-del-terremoto-de-1944-con-una-realidad-aumentada\/","title":{"rendered":"Se ofrece una visita al San Juan antes del Terremoto de 1944 con una realidad aumentada"},"content":{"rendered":"<p>El Museo de la Historia Urbana de la Municipalidad de la Capital de San Juan invita a rememorar la ciudad antigua con nuevas tecnolog\u00edas.<\/p>\n<p>Para ello se instalaron marcadores en la ciudad para que los sanjuaninos conozcan con sus celulares c\u00f3mo era el lugar antes de la cat\u00e1strofe de 1944.<\/p>\n<p>La plaza 25 de Mayo fue un punto estrat\u00e9gico en los momentos posteriores al movimiento tel\u00farico que cambiar\u00eda la historia y la fisonom\u00eda de San Juan.<\/p>\n<p>En ese espacio se asisti\u00f3 a los heridos y desde el lugar se hicieron las transmisiones radiales informando al pa\u00eds lo que estuvo sucediendo.<\/p>\n<p>Al conmemorarse un nuevo aniversario del terremoto de 1944, el Museo de la Historia Urbana propone un recorrido virtual al San Juan antiguo, desde el punto neur\u00e1lgico de la ciudad.<\/p>\n<p>A trav\u00e9s de un circuito de realidad aumentada, con un dispositivo m\u00f3vil el ciudadano puede recrear vistas de distintos puntos de Capital antes del Terremoto de 1944.<\/p>\n<p>Para ello se colocaron marcadores sobre los cuales pasar con la c\u00e1mara del celular para acceder a vistas de los edificios emblem\u00e1ticos, paisajes y postales cotidianas de la \u00e9poca.<\/p>\n<p>La realidad aumentada es un conjunto de tecnolog\u00edas que permiten que un usuario visualice parte del mundo real a trav\u00e9s de un dispositivo tecnol\u00f3gico con informaci\u00f3n audiovisual a\u00f1adida.<\/p>\n<p>Las im\u00e1genes utilizadas corresponden en parte al Archivo General de la Naci\u00f3n y a donaciones particulares al Museo de la Historia Urbana con el programa \u201cPiedra Basal\u201d.<\/p>\n<p>Son 10 los puntos que componen el recorrido de observaci\u00f3n. El mismo fue pensado como una \u201cvuelta al perro\u201d, como antiguamente le llamaron al camino que hac\u00edan los sanjuaninos alrededor de la plaza, paseo casi obligado de todos los domingos.<\/p>\n<p><iframe loading=\"lazy\" title=\"Circuito Realidad Aumentada Plaza 25 de Mayo\" width=\"800\" height=\"450\" src=\"https:\/\/www.youtube.com\/embed\/VxLmXk63VN0?feature=oembed\" frameborder=\"0\" allow=\"accelerometer; autoplay; clipboard-write; encrypted-media; gyroscope; picture-in-picture\" allowfullscreen><\/iframe><\/p>\n<p>El circuito puede realizarse de manera aut\u00f3noma y queda disponible a partir del 15 de Enero.<\/p>\n<p>Los participantes pueden conocer:<\/p>\n<ol>\n<li>Vista de la Catedral antigua<\/li>\n<li>Calle Mendoza: vista del edificio Episcopal, Casa Espa\u00f1a y Cine Cervantes.<\/li>\n<li>Vista del Cine Cervantes.<\/li>\n<li>Vista del Teatro y Hotel Estornell de 1943.<\/li>\n<li>Vista de la Plaza 25 de Mayo<\/li>\n<li>Vista del Banco Naci\u00f3n.<\/li>\n<li>Vista de la Legislatura, Casa de Gobierno, Palacio de Justicia y Banco Naci\u00f3n de 1916.<\/li>\n<li>Vista del Club Social de 1943.<\/li>\n<li>Vista del Edificio Del Bono, esquina de calles Mendoza y Rivadavia, de 1936.<\/li>\n<li>Personas posando en la fuente de plaza 25 de Mayo<\/li>\n<\/ol>\n<p>El objetivo de la Secretar\u00eda de Cultura, Turismo y Educaci\u00f3n de Capital es conmemorar esa ciudad que qued\u00f3 bajo los escombros, que algunos sanjuaninos a\u00fan desconocen y otros a\u00f1oran.<\/p>\n<p>&nbsp;<\/p>\n<p><img loading=\"lazy\" decoding=\"async\" class=\"wp-image-34302 size-large aligncenter\" src=\"https:\/\/vocesparalelas.com.ar\/sitio\/wp-content\/uploads\/2021\/01\/APP-TERREMOTO-01-600x800.jpg\" alt=\"\" width=\"600\" height=\"800\" srcset=\"https:\/\/vocesparalelas.com.ar\/sitio\/wp-content\/uploads\/2021\/01\/APP-TERREMOTO-01-600x800.jpg 600w, https:\/\/vocesparalelas.com.ar\/sitio\/wp-content\/uploads\/2021\/01\/APP-TERREMOTO-01-225x300.jpg 225w, https:\/\/vocesparalelas.com.ar\/sitio\/wp-content\/uploads\/2021\/01\/APP-TERREMOTO-01.jpg 768w\" sizes=\"auto, (max-width: 600px) 100vw, 600px\" \/><\/p>\n<p>&nbsp;<\/p>\n<p>&nbsp;<\/p>\n","protected":false},"excerpt":{"rendered":"<p>El Museo de la Historia Urbana de la Municipalidad de la Capital de San Juan invita a rememorar la ciudad<\/p>\n","protected":false},"author":3,"featured_media":34303,"comment_status":"closed","ping_status":"closed","sticky":false,"template":"","format":"standard","meta":{"_acf_changed":false,"_seopress_robots_primary_cat":"none","_seopress_titles_title":"","_seopress_titles_desc":"","_seopress_robots_index":"","colormag_page_container_layout":"default_layout","colormag_page_sidebar_layout":"default_layout","footnotes":""},"categories":[20],"tags":[],"class_list":["post-34300","post","type-post","status-publish","format-standard","has-post-thumbnail","hentry","category-cartelera"],"acf":[],"_links":{"self":[{"href":"https:\/\/vocesparalelas.com.ar\/sitio\/wp-json\/wp\/v2\/posts\/34300","targetHints":{"allow":["GET"]}}],"collection":[{"href":"https:\/\/vocesparalelas.com.ar\/sitio\/wp-json\/wp\/v2\/posts"}],"about":[{"href":"https:\/\/vocesparalelas.com.ar\/sitio\/wp-json\/wp\/v2\/types\/post"}],"author":[{"embeddable":true,"href":"https:\/\/vocesparalelas.com.ar\/sitio\/wp-json\/wp\/v2\/users\/3"}],"replies":[{"embeddable":true,"href":"https:\/\/vocesparalelas.com.ar\/sitio\/wp-json\/wp\/v2\/comments?post=34300"}],"version-history":[{"count":3,"href":"https:\/\/vocesparalelas.com.ar\/sitio\/wp-json\/wp\/v2\/posts\/34300\/revisions"}],"predecessor-version":[{"id":34327,"href":"https:\/\/vocesparalelas.com.ar\/sitio\/wp-json\/wp\/v2\/posts\/34300\/revisions\/34327"}],"wp:featuredmedia":[{"embeddable":true,"href":"https:\/\/vocesparalelas.com.ar\/sitio\/wp-json\/wp\/v2\/media\/34303"}],"wp:attachment":[{"href":"https:\/\/vocesparalelas.com.ar\/sitio\/wp-json\/wp\/v2\/media?parent=34300"}],"wp:term":[{"taxonomy":"category","embeddable":true,"href":"https:\/\/vocesparalelas.com.ar\/sitio\/wp-json\/wp\/v2\/categories?post=34300"},{"taxonomy":"post_tag","embeddable":true,"href":"https:\/\/vocesparalelas.com.ar\/sitio\/wp-json\/wp\/v2\/tags?post=34300"}],"curies":[{"name":"wp","href":"https:\/\/api.w.org\/{rel}","templated":true}]}}