{"id":34288,"date":"2021-01-14T21:03:51","date_gmt":"2021-01-15T00:03:51","guid":{"rendered":"http:\/\/vocesparalelas.com.ar\/sitio\/?p=34288"},"modified":"2021-01-19T02:41:43","modified_gmt":"2021-01-19T05:41:43","slug":"pago-de-la-2-cuota-del-plus-a-los-empleados-publicos-de-san-juan","status":"publish","type":"post","link":"https:\/\/vocesparalelas.com.ar\/sitio\/pago-de-la-2-cuota-del-plus-a-los-empleados-publicos-de-san-juan\/","title":{"rendered":"Pago de la 2\u00b0 cuota del Plus a los empleados p\u00fablicos de San Juan"},"content":{"rendered":"<p>La Secretar\u00eda de Hacienda y Finanzas del Gobierno de San Juan dio a conocer el cronograma de pagos de la segunda cuota de la suma extra no remunerativa y no bonificable para empleados de la administraci\u00f3n p\u00fablica.<\/p>\n<p>Entre el 20 y 21 de Enero se har\u00e1 efectiva la segunda cuota del denominado Plus de Fin de A\u00f1o que el Gobierno provincial otorg\u00f3 en diciembre de 2020 para empleados de la administraci\u00f3n p\u00fablica.<\/p>\n<p>Estar\u00e1 disponible en cajeros de la siguiente manera:<\/p>\n<ul>\n<li>Mi\u00e9rcoles, 20 de Enero: empleados de planta permanente con terminaci\u00f3n de DNI 0, 1, 2, 3, 4 y 5<\/li>\n<li>Jueves, 21 de Enero: empleados de planta permanente con terminaci\u00f3n de DNI 6, 7, 8 y 9 y la totalidad de contratados y becarios.<\/li>\n<\/ul>\n<p>Finalmente, se recuerda a los agentes p\u00fablicos que los cajeros autom\u00e1ticos funcionan las 24 horas, por lo que se solicita continuar con las medidas de prevenci\u00f3n. Evitar horarios y espacios con gran afluencia de p\u00fablico, no asistir acompa\u00f1ados, usar tapabocas, mantener dos metros de distancia entre personas y desinfectar las manos luego del uso de cajeros y manipulaci\u00f3n de dinero.<\/p>\n<p>Asimismo, est\u00e1n vigentes las extracciones con tarjeta de d\u00e9bito en los principales supermercados y estaciones de servicio de la provincia, entre otros comercios identificados con el logo de Visa &#8211; Extra cash.<\/p>\n<p>La forma m\u00e1s eficaz de luchar contra la pandemia es con la colaboraci\u00f3n y la responsabilidad de todos los sanjuaninos.<\/p>\n<p>&nbsp;<\/p>\n<p>&nbsp;<\/p>\n","protected":false},"excerpt":{"rendered":"<p>La Secretar\u00eda de Hacienda y Finanzas del Gobierno de San Juan dio a conocer el cronograma de pagos de la<\/p>\n","protected":false},"author":3,"featured_media":1245,"comment_status":"closed","ping_status":"closed","sticky":false,"template":"","format":"standard","meta":{"_acf_changed":false,"_seopress_robots_primary_cat":"none","_seopress_titles_title":"","_seopress_titles_desc":"","_seopress_robots_index":"","colormag_page_container_layout":"default_layout","colormag_page_sidebar_layout":"default_layout","footnotes":""},"categories":[6],"tags":[],"class_list":["post-34288","post","type-post","status-publish","format-standard","has-post-thumbnail","hentry","category-eventos"],"acf":[],"_links":{"self":[{"href":"https:\/\/vocesparalelas.com.ar\/sitio\/wp-json\/wp\/v2\/posts\/34288","targetHints":{"allow":["GET"]}}],"collection":[{"href":"https:\/\/vocesparalelas.com.ar\/sitio\/wp-json\/wp\/v2\/posts"}],"about":[{"href":"https:\/\/vocesparalelas.com.ar\/sitio\/wp-json\/wp\/v2\/types\/post"}],"author":[{"embeddable":true,"href":"https:\/\/vocesparalelas.com.ar\/sitio\/wp-json\/wp\/v2\/users\/3"}],"replies":[{"embeddable":true,"href":"https:\/\/vocesparalelas.com.ar\/sitio\/wp-json\/wp\/v2\/comments?post=34288"}],"version-history":[{"count":1,"href":"https:\/\/vocesparalelas.com.ar\/sitio\/wp-json\/wp\/v2\/posts\/34288\/revisions"}],"predecessor-version":[{"id":34290,"href":"https:\/\/vocesparalelas.com.ar\/sitio\/wp-json\/wp\/v2\/posts\/34288\/revisions\/34290"}],"wp:featuredmedia":[{"embeddable":true,"href":"https:\/\/vocesparalelas.com.ar\/sitio\/wp-json\/wp\/v2\/media\/1245"}],"wp:attachment":[{"href":"https:\/\/vocesparalelas.com.ar\/sitio\/wp-json\/wp\/v2\/media?parent=34288"}],"wp:term":[{"taxonomy":"category","embeddable":true,"href":"https:\/\/vocesparalelas.com.ar\/sitio\/wp-json\/wp\/v2\/categories?post=34288"},{"taxonomy":"post_tag","embeddable":true,"href":"https:\/\/vocesparalelas.com.ar\/sitio\/wp-json\/wp\/v2\/tags?post=34288"}],"curies":[{"name":"wp","href":"https:\/\/api.w.org\/{rel}","templated":true}]}}