{"id":34280,"date":"2021-01-14T00:52:47","date_gmt":"2021-01-14T03:52:47","guid":{"rendered":"http:\/\/vocesparalelas.com.ar\/sitio\/?p=34280"},"modified":"2021-01-19T02:42:15","modified_gmt":"2021-01-19T05:42:15","slug":"sumate-a-las-actividades-deportivas-de-la-unsj-en-el-palomar","status":"publish","type":"post","link":"https:\/\/vocesparalelas.com.ar\/sitio\/sumate-a-las-actividades-deportivas-de-la-unsj-en-el-palomar\/","title":{"rendered":"Sumate a las actividades deportivas de la UNSJ en El Palomar"},"content":{"rendered":"<p>La Direcci\u00f3n de Deportes y Recreaci\u00f3n de la Secretar\u00eda de Bienestar Universitario informa que est\u00e1 abierta la inscripci\u00f3n a clases de nataci\u00f3n y campus de verano de b\u00e1squet en\u00a0el Complejo El Palomar.<\/p>\n<p><span style=\"color: #ff6600;\"><strong> Clases de nataci\u00f3n<\/strong><\/span><\/p>\n<p>Se abre la escuela de nataci\u00f3n de 6 a 69 a\u00f1os, solo para socios, y en distintos niveles: iniciaci\u00f3n, intermedio, avanzado.<\/p>\n<p>El costo es 1200 pesos por mes.<\/p>\n<p><em>Informes e inscripci\u00f3n:<\/em> de lunes a viernes de 9 a 15 horas, por whatsapp 264 6629521.<\/p>\n<p>La revisaci\u00f3n m\u00e9dica para uso de los natatorios se puede realizar en el edificio de Salud Universitaria, de lunes a viernes de 8 a 12 horas. Y por la tarde, lunes, mi\u00e9rcoles y viernes de 15 a 19 horas.<\/p>\n<p><span style=\"color: #ff6600;\"><strong> Campus de verano B\u00e1squetbol<\/strong><\/span><\/p>\n<p>Solo para socios, hay una categor\u00eda formativa, de 13 a 22 a\u00f1os, y una categor\u00eda inicial, de 8 a 12 a\u00f1os.<\/p>\n<p>El costo es 1500 pesos todo el campus<\/p>\n<p><em>Informes e inscripci\u00f3n:<\/em> de lunes a viernes de 9 a 15 horas, por whatsapp 264 4155130.<\/p>\n<p><img loading=\"lazy\" decoding=\"async\" class=\"alignnone wp-image-34282 size-full\" src=\"https:\/\/vocesparalelas.com.ar\/sitio\/wp-content\/uploads\/2021\/01\/UNSJ-BASQUE.jpg\" alt=\"\" width=\"800\" height=\"600\" srcset=\"https:\/\/vocesparalelas.com.ar\/sitio\/wp-content\/uploads\/2021\/01\/UNSJ-BASQUE.jpg 800w, https:\/\/vocesparalelas.com.ar\/sitio\/wp-content\/uploads\/2021\/01\/UNSJ-BASQUE-300x225.jpg 300w, https:\/\/vocesparalelas.com.ar\/sitio\/wp-content\/uploads\/2021\/01\/UNSJ-BASQUE-768x576.jpg 768w\" sizes=\"auto, (max-width: 800px) 100vw, 800px\" \/><\/p>\n<p>&nbsp;<\/p>\n<p>&nbsp;<\/p>\n","protected":false},"excerpt":{"rendered":"<p>La Direcci\u00f3n de Deportes y Recreaci\u00f3n de la Secretar\u00eda de Bienestar Universitario informa que est\u00e1 abierta la inscripci\u00f3n a clases<\/p>\n","protected":false},"author":3,"featured_media":6496,"comment_status":"closed","ping_status":"closed","sticky":false,"template":"","format":"standard","meta":{"_acf_changed":false,"_seopress_robots_primary_cat":"none","_seopress_titles_title":"","_seopress_titles_desc":"","_seopress_robots_index":"","colormag_page_container_layout":"default_layout","colormag_page_sidebar_layout":"default_layout","footnotes":""},"categories":[2],"tags":[],"class_list":["post-34280","post","type-post","status-publish","format-standard","has-post-thumbnail","hentry","category-convocatorias"],"acf":[],"_links":{"self":[{"href":"https:\/\/vocesparalelas.com.ar\/sitio\/wp-json\/wp\/v2\/posts\/34280","targetHints":{"allow":["GET"]}}],"collection":[{"href":"https:\/\/vocesparalelas.com.ar\/sitio\/wp-json\/wp\/v2\/posts"}],"about":[{"href":"https:\/\/vocesparalelas.com.ar\/sitio\/wp-json\/wp\/v2\/types\/post"}],"author":[{"embeddable":true,"href":"https:\/\/vocesparalelas.com.ar\/sitio\/wp-json\/wp\/v2\/users\/3"}],"replies":[{"embeddable":true,"href":"https:\/\/vocesparalelas.com.ar\/sitio\/wp-json\/wp\/v2\/comments?post=34280"}],"version-history":[{"count":1,"href":"https:\/\/vocesparalelas.com.ar\/sitio\/wp-json\/wp\/v2\/posts\/34280\/revisions"}],"predecessor-version":[{"id":34283,"href":"https:\/\/vocesparalelas.com.ar\/sitio\/wp-json\/wp\/v2\/posts\/34280\/revisions\/34283"}],"wp:featuredmedia":[{"embeddable":true,"href":"https:\/\/vocesparalelas.com.ar\/sitio\/wp-json\/wp\/v2\/media\/6496"}],"wp:attachment":[{"href":"https:\/\/vocesparalelas.com.ar\/sitio\/wp-json\/wp\/v2\/media?parent=34280"}],"wp:term":[{"taxonomy":"category","embeddable":true,"href":"https:\/\/vocesparalelas.com.ar\/sitio\/wp-json\/wp\/v2\/categories?post=34280"},{"taxonomy":"post_tag","embeddable":true,"href":"https:\/\/vocesparalelas.com.ar\/sitio\/wp-json\/wp\/v2\/tags?post=34280"}],"curies":[{"name":"wp","href":"https:\/\/api.w.org\/{rel}","templated":true}]}}