{"id":34268,"date":"2021-01-13T23:31:11","date_gmt":"2021-01-14T02:31:11","guid":{"rendered":"http:\/\/vocesparalelas.com.ar\/sitio\/?p=34268"},"modified":"2021-01-13T23:31:11","modified_gmt":"2021-01-14T02:31:11","slug":"se-puso-en-funcionamiento-y-en-valor-a-la-fuente-de-avda-libertador-y-las-heras","status":"publish","type":"post","link":"https:\/\/vocesparalelas.com.ar\/sitio\/se-puso-en-funcionamiento-y-en-valor-a-la-fuente-de-avda-libertador-y-las-heras\/","title":{"rendered":"Se puso en funcionamiento y en valor a la fuente de Avda. Libertador y Las Heras"},"content":{"rendered":"<div class=\"itemFullText jbintrotext\">\n<p>El vicegobernador CPN Roberto Gattoni junto al titular del Poder Ejecutivo, Dr. Sergio U\u00f1ac y al intendente municipal de la ciudad de San Juan, Dr. Emilio Baistrocchi, particip\u00f3 del acto de puesta en funcionamiento y en valor de la fuente ubicada en la intersecci\u00f3n de Avenida Libertador y calle Las Heras.<\/p>\n<\/div>\n<div class=\"itemFullText\">\n<p>Acompa\u00f1aron los secretarios Legislativo, Dr. Nicol\u00e1s Alvo y Administrativo, CPN Roberto Iglesias; el vicepresidente primero de la C\u00e1mara de Diputados, legislador Eduardo Cabello; el titular del bloque Justicialista del Poder Legislativo, diputado Juan Carlos Abarca; el secretario de Servicios P\u00fablicos, Adolfo V\u00e1zquez; el director de Espacios Verdes, Lisandro Cevinelli; el director de Mantenimiento y Obras Menores, Marcelo Mattar;\u00a0el secretario general de la Asociaci\u00f3n del Personal Legislativo, Sergio Peralta; concejales de la Municipalidad de la Ciudad de San Juan, entre otros funcionarios.<\/p>\n<p><img loading=\"lazy\" decoding=\"async\" class=\"alignnone wp-image-34272 size-full\" src=\"https:\/\/vocesparalelas.com.ar\/sitio\/wp-content\/uploads\/2021\/01\/CAPITAL-FUENTE-03.jpg\" alt=\"\" width=\"800\" height=\"539\" srcset=\"https:\/\/vocesparalelas.com.ar\/sitio\/wp-content\/uploads\/2021\/01\/CAPITAL-FUENTE-03.jpg 800w, https:\/\/vocesparalelas.com.ar\/sitio\/wp-content\/uploads\/2021\/01\/CAPITAL-FUENTE-03-300x202.jpg 300w, https:\/\/vocesparalelas.com.ar\/sitio\/wp-content\/uploads\/2021\/01\/CAPITAL-FUENTE-03-768x517.jpg 768w\" sizes=\"auto, (max-width: 800px) 100vw, 800px\" \/><\/p>\n<p>Durante la ceremonia el titular del Poder Legislativo, CPN Roberto Gattoni, destac\u00f3 dos aspectos que tiene que ver con la impronta de la gesti\u00f3n del gobernador U\u00f1ac \u201cuna es el trabajo mancomunado. El gobernador ha puesto de manifiesto, en el inicio de su gesti\u00f3n all\u00e1 en el 2015,\u00a0 la capacidad de compartir, de aunar esfuerzos, en pos de mejorar la calidad de vida de la gente. Hoy ac\u00e1 hemos compartido esfuerzos humanos y econ\u00f3micos para mejorar la calidad de vida, cumpliendo con una de las l\u00edneas establecidas por el gobernador cuando hablaba de este concepto de gobierno \u00fanico. Tenemos reunidos aqu\u00ed en un proyecto a tres organizaciones jurisdiccionales: el Poder Ejecutivo provincial, la Municipalidad de la Capital y la C\u00e1mara de Diputados.<\/p>\n<p>\u201cY lo segundo, que tambi\u00e9n tiene que ver con la l\u00ednea de gesti\u00f3n, que es la propuesta del gobernador de poner en valor los espacios p\u00fablicos para mejorar la calidad de vida de sus habitantes. Esto comenz\u00f3 cuando inaugur\u00f3 el teatro del Bicentenario con la plaza del Bicentenario, con esa hermosa fuente que se convirti\u00f3 en un espacio que hoy los sanjuaninos disfrutan. Despu\u00e9s vino el puente de Avenida Ignacio de la Roza, que tambi\u00e9n fortaleci\u00f3 y mejor\u00f3 la est\u00e9tica y la circulaci\u00f3n para los habitantes de San Juan. Finalmente el Parque de Mayo con su remodelaci\u00f3n y todo lo que\u00a0 ha significado poner en valor este espacio verde, generando un paseo institucional con mejor calidad de vida para disfrutar. Hoy, con esta fuente estamos cumpliendo con este mandato que tuvo el gobernador de mejorar los espacios p\u00fablicos, de mejorar la calidad de vida de los habitantes\u201d concluy\u00f3 el vicegobernador en su discurso.<\/p>\n<p>Por su parte, el primer mandatario provincial felicit\u00f3 a todos los involucrados por el trabajo en conjunto y sostuvo \u201clo que significa esto es que cuando trazamos objetivos comunes, no importa de qu\u00e9 jurisdicci\u00f3n, instituci\u00f3n nos ponemos a trabajar. No importa la inversi\u00f3n, porque esto es emblem\u00e1tico\u201d.<\/p>\n<p>Seguidamente, agreg\u00f3 que \u201chaciendo uso de la memoria no recuerdo cu\u00e1ndo fue que dej\u00f3 de funcionar esta fuente, lo que s\u00ed recuerdo que en los \u00faltimos tiempos era un lugar donde pos\u00e1bamos todos los t\u00f3tems y publicidad gr\u00e1fica sobre distintas actividades culturales y productivas que se hac\u00edan en la provincia y la verdad que era desvirtuar algo que tiene mucho que ver con las fotos que definen la identidad de los sanjuaninos y por supuesto de los capitalinos. Este Eje Institucional, C\u00edvico, Cultural, Recreativo, Deportivo que tiene la provincia de San Juan se va a ver enaltecido con la recuperaci\u00f3n de algo que era emblem\u00e1tico, que no sabemos porque se rompi\u00f3 pero tampoco sabemos porque nunca se arregl\u00f3 y en la noche de hoy va a quedar a disposici\u00f3n de quienes habitamos en esta provincia y de quienes nos visitan\u201d.<\/p>\n<p>A su turno, el intendente Emilio Baistrocchi tambi\u00e9n se\u00f1al\u00f3 la importancia del trabajo mancomunado entre la provincia, la Legislatura y el Municipio para poner en funcionamiento esta fuente. Asimismo, dijo que \u201ctiene que ver con la recuperaci\u00f3n de algo que es important\u00edsimo para la provincia, para la Ciudad de San Juan y as\u00ed como pas\u00f3 muchos a\u00f1os este Centro C\u00edvico llam\u00e1ndose monumento al cemento porque al pasar por aqu\u00ed lo ve\u00edamos frente a nuestros ojos inerte, sin cambios, lo mismo ha pasado con esta fuente. Hoy recuperamos una parte de nuestro patrimonio, de nuestra identidad, lo que somos los capitalinos\u201d.<\/p>\n<p>Luego, puso en conocimiento que \u201cen el caso de la Ciudad de San Juan, son catorce las fuentes que existen. \u00c9sta es una de las otras trece que no funcionan. Hasta el momento solamente est\u00e1 en funcionamiento la de la plaza 25 de Mayo. Hemos comenzado con una recuperaci\u00f3n, en este primer semestre, de todas las fuentes. Para eso, a trav\u00e9s de Obras Menores, hemos constituido un equipo y esto hace un poco a la identidad de todos nosotros, a que nos vamos a poner en todo y cada una de las cosas paulatinamente que hacen a la identidad de la Capital, de la provincia porque esto es de todos los sanjuaninos, y tienen un significado no menor, de que las cosas funcionan\u201d.<\/p>\n<p>Por otro lado, el secretario de Servicios P\u00fablicos, Adolfo V\u00e1zquez, explic\u00f3 los aspectos t\u00e9cnicos realizados en la remodelaci\u00f3n de la fuente. \u201cPr\u00e1cticamente cambiamos e hicimos nueva la fuente, le colocamos una bomba de agua de 5HP, con un sistema de picos de bronce para producir un efecto agua-espuma que le de consistencia y oxigenaci\u00f3n; y al mismo tiempo proteger la deriva en casos de vientos, a los efectos de asegurar el tr\u00e1nsito vial. Tambi\u00e9n, es de destacar que el agua que se utiliza, adem\u00e1s del bombeo para dar reposici\u00f3n, proviene de los pozos y perforaciones del Parque de Mayo. Es agua no potable, y toda la instalaci\u00f3n la hicimos absolutamente nueva, poniendo ca\u00f1er\u00edas en la conexi\u00f3n, abriendo la calzada y reponi\u00e9ndola y dej\u00e1ndola en perfecto estado como est\u00e1 ahora. El sistema de iluminaci\u00f3n tiene dos circuitos, el sistema de bombeo y el sistema de iluminaci\u00f3n, con la posibilidad de poder trabajar con las luces de manera tal de dar im\u00e1genes diferentes. Todo el sistema el\u00e9ctrico est\u00e1 asegurado por medio de disyuntores y llaves termo magn\u00e9ticas que lo van asegurar en caso de cualquier imprevisto. La ornamentaci\u00f3n final fue con setenta plantines, los cuales son abastecidos por un sistema de riego automatizado que utiliza el agua de la misma perforaci\u00f3n del Parque de Mayo\u201d.<\/p>\n<p>Cabe se\u00f1alar, que en la ocasi\u00f3n el gobernador U\u00f1ac, el vicegobernador Gattoni y el intendente Baistrocchi firmaron un convenio de cooperaci\u00f3n mutua entre el Gobierno de la provincia de San Juan, la Municipalidad de San Juan y la C\u00e1mara de Diputados.<\/p>\n<p>Por \u00faltimo, las autoridades procedieron a dejar habilitada la fuente con el bombeo de agua y la iluminaci\u00f3n de color que la embellece.<\/p>\n<\/div>\n<p><img loading=\"lazy\" decoding=\"async\" class=\"alignnone wp-image-34271 size-full\" src=\"https:\/\/vocesparalelas.com.ar\/sitio\/wp-content\/uploads\/2021\/01\/CAPITAL-FUENTE-02.jpg\" alt=\"\" width=\"800\" height=\"530\" srcset=\"https:\/\/vocesparalelas.com.ar\/sitio\/wp-content\/uploads\/2021\/01\/CAPITAL-FUENTE-02.jpg 800w, https:\/\/vocesparalelas.com.ar\/sitio\/wp-content\/uploads\/2021\/01\/CAPITAL-FUENTE-02-300x199.jpg 300w, https:\/\/vocesparalelas.com.ar\/sitio\/wp-content\/uploads\/2021\/01\/CAPITAL-FUENTE-02-768x509.jpg 768w\" sizes=\"auto, (max-width: 800px) 100vw, 800px\" \/><\/p>\n","protected":false},"excerpt":{"rendered":"<p>El vicegobernador CPN Roberto Gattoni junto al titular del Poder Ejecutivo, Dr. Sergio U\u00f1ac y al intendente municipal de la<\/p>\n","protected":false},"author":3,"featured_media":34270,"comment_status":"closed","ping_status":"closed","sticky":false,"template":"","format":"standard","meta":{"_acf_changed":false,"_seopress_robots_primary_cat":"none","_seopress_titles_title":"","_seopress_titles_desc":"","_seopress_robots_index":"","colormag_page_container_layout":"default_layout","colormag_page_sidebar_layout":"default_layout","footnotes":""},"categories":[1],"tags":[],"class_list":["post-34268","post","type-post","status-publish","format-standard","has-post-thumbnail","hentry","category-destacadas"],"acf":[],"_links":{"self":[{"href":"https:\/\/vocesparalelas.com.ar\/sitio\/wp-json\/wp\/v2\/posts\/34268","targetHints":{"allow":["GET"]}}],"collection":[{"href":"https:\/\/vocesparalelas.com.ar\/sitio\/wp-json\/wp\/v2\/posts"}],"about":[{"href":"https:\/\/vocesparalelas.com.ar\/sitio\/wp-json\/wp\/v2\/types\/post"}],"author":[{"embeddable":true,"href":"https:\/\/vocesparalelas.com.ar\/sitio\/wp-json\/wp\/v2\/users\/3"}],"replies":[{"embeddable":true,"href":"https:\/\/vocesparalelas.com.ar\/sitio\/wp-json\/wp\/v2\/comments?post=34268"}],"version-history":[{"count":1,"href":"https:\/\/vocesparalelas.com.ar\/sitio\/wp-json\/wp\/v2\/posts\/34268\/revisions"}],"predecessor-version":[{"id":34273,"href":"https:\/\/vocesparalelas.com.ar\/sitio\/wp-json\/wp\/v2\/posts\/34268\/revisions\/34273"}],"wp:featuredmedia":[{"embeddable":true,"href":"https:\/\/vocesparalelas.com.ar\/sitio\/wp-json\/wp\/v2\/media\/34270"}],"wp:attachment":[{"href":"https:\/\/vocesparalelas.com.ar\/sitio\/wp-json\/wp\/v2\/media?parent=34268"}],"wp:term":[{"taxonomy":"category","embeddable":true,"href":"https:\/\/vocesparalelas.com.ar\/sitio\/wp-json\/wp\/v2\/categories?post=34268"},{"taxonomy":"post_tag","embeddable":true,"href":"https:\/\/vocesparalelas.com.ar\/sitio\/wp-json\/wp\/v2\/tags?post=34268"}],"curies":[{"name":"wp","href":"https:\/\/api.w.org\/{rel}","templated":true}]}}