{"id":34262,"date":"2021-01-13T23:12:42","date_gmt":"2021-01-14T02:12:42","guid":{"rendered":"http:\/\/vocesparalelas.com.ar\/sitio\/?p=34262"},"modified":"2021-01-15T20:22:29","modified_gmt":"2021-01-15T23:22:29","slug":"se-habilito-el-turno-online-para-obtener-el-certificado-de-antecedentes-y-planilla-prontuarial-para-los-docentes-de-san-juan","status":"publish","type":"post","link":"https:\/\/vocesparalelas.com.ar\/sitio\/se-habilito-el-turno-online-para-obtener-el-certificado-de-antecedentes-y-planilla-prontuarial-para-los-docentes-de-san-juan\/","title":{"rendered":"Se habilit\u00f3 el turno online para obtener el Certificado de Antecedentes y Planilla Prontuarial para los docentes de San Juan"},"content":{"rendered":"<p>La Direcci\u00f3n Administrativa de Ministerio de Educaci\u00f3n del Gobierno de San Juan, a trav\u00e9s de la Secretaria de Coordinaci\u00f3n Administrativa y Financiera, inform\u00f3 que ya cuenta con una p\u00e1gina web para que los docentes soliciten turno para obtener el Certificado de Antecedentes y Planilla Prontuarial. Los interesados deben acceder a <a href=\"http:\/\/www.turnos.sanjuan.gob.ar\/\" target=\"_blank\" rel=\"noopener noreferrer\">www.turnos.sanjuan.gob.ar<\/a><\/p>\n<p>La iniciativa es posible gracias a un convenio firmado entre la cartera educativa y la Secretar\u00eda de Seguridad.<\/p>\n<p>Se recuerda que el tr\u00e1mite es \u00fanicamente para docentes y esta documentaci\u00f3n tiene validez para ser presentada ante organismos dependientes del Ministerio de Educaci\u00f3n de la provincia de San Juan.<\/p>\n<p><span style=\"color: #008000;\"><strong>Procedimiento<\/strong><\/span><\/p>\n<p>El solicitante debe ingresar al sitio web <a href=\"http:\/\/www.turnos.sanjuan.gob.ar\/\" target=\"_blank\" rel=\"noopener noreferrer\">www.turnos.sanjuan.gob.ar<\/a><\/p>\n<ul>\n<li>Indicar documento de identidad<\/li>\n<li>Especificar un correo electr\u00f3nico y n\u00famero de contacto.<\/li>\n<li>Seleccionar lugar de atenci\u00f3n, Ministerio de Educaci\u00f3n- Certificado y Planilla de Antecedentes.<\/li>\n<li>En el cronograma de turnos, seleccionar d\u00eda y horario para efectuar el tr\u00e1mite.<\/li>\n<li>Luego debe acudir el d\u00eda y horario asignado, munido con el DNI original y copia de cara y contracara, a la Isla del Ministerio de Educaci\u00f3n, en la planta baja del Centro C\u00edvico.<\/li>\n<\/ul>\n<p>Se advierte que bajo estricto protocolo se atienden los docentes con turno asignado.<\/p>\n<p>Los docentes que por primera vez soliciten el Certificado de Antecedentes o Planilla Prontuarial, deben concurrir directamente a la Central de Polic\u00eda de San Juan a la Divisi\u00f3n Antecedentes Personales.<\/p>\n","protected":false},"excerpt":{"rendered":"<p>La Direcci\u00f3n Administrativa de Ministerio de Educaci\u00f3n del Gobierno de San Juan, a trav\u00e9s de la Secretaria de Coordinaci\u00f3n Administrativa<\/p>\n","protected":false},"author":3,"featured_media":28629,"comment_status":"closed","ping_status":"closed","sticky":false,"template":"","format":"standard","meta":{"_acf_changed":false,"_seopress_robots_primary_cat":"none","_seopress_titles_title":"","_seopress_titles_desc":"","_seopress_robots_index":"","colormag_page_container_layout":"default_layout","colormag_page_sidebar_layout":"default_layout","footnotes":""},"categories":[5],"tags":[],"class_list":["post-34262","post","type-post","status-publish","format-standard","has-post-thumbnail","hentry","category-ofrecimientos"],"acf":[],"_links":{"self":[{"href":"https:\/\/vocesparalelas.com.ar\/sitio\/wp-json\/wp\/v2\/posts\/34262","targetHints":{"allow":["GET"]}}],"collection":[{"href":"https:\/\/vocesparalelas.com.ar\/sitio\/wp-json\/wp\/v2\/posts"}],"about":[{"href":"https:\/\/vocesparalelas.com.ar\/sitio\/wp-json\/wp\/v2\/types\/post"}],"author":[{"embeddable":true,"href":"https:\/\/vocesparalelas.com.ar\/sitio\/wp-json\/wp\/v2\/users\/3"}],"replies":[{"embeddable":true,"href":"https:\/\/vocesparalelas.com.ar\/sitio\/wp-json\/wp\/v2\/comments?post=34262"}],"version-history":[{"count":1,"href":"https:\/\/vocesparalelas.com.ar\/sitio\/wp-json\/wp\/v2\/posts\/34262\/revisions"}],"predecessor-version":[{"id":34264,"href":"https:\/\/vocesparalelas.com.ar\/sitio\/wp-json\/wp\/v2\/posts\/34262\/revisions\/34264"}],"wp:featuredmedia":[{"embeddable":true,"href":"https:\/\/vocesparalelas.com.ar\/sitio\/wp-json\/wp\/v2\/media\/28629"}],"wp:attachment":[{"href":"https:\/\/vocesparalelas.com.ar\/sitio\/wp-json\/wp\/v2\/media?parent=34262"}],"wp:term":[{"taxonomy":"category","embeddable":true,"href":"https:\/\/vocesparalelas.com.ar\/sitio\/wp-json\/wp\/v2\/categories?post=34262"},{"taxonomy":"post_tag","embeddable":true,"href":"https:\/\/vocesparalelas.com.ar\/sitio\/wp-json\/wp\/v2\/tags?post=34262"}],"curies":[{"name":"wp","href":"https:\/\/api.w.org\/{rel}","templated":true}]}}