{"id":34247,"date":"2021-01-13T01:46:38","date_gmt":"2021-01-13T04:46:38","guid":{"rendered":"http:\/\/vocesparalelas.com.ar\/sitio\/?p=34247"},"modified":"2021-01-14T23:10:28","modified_gmt":"2021-01-15T02:10:28","slug":"se-puede-utilizar-el-palomar-y-nautico-ullum-de-la-unsj-con-protocolo","status":"publish","type":"post","link":"https:\/\/vocesparalelas.com.ar\/sitio\/se-puede-utilizar-el-palomar-y-nautico-ullum-de-la-unsj-con-protocolo\/","title":{"rendered":"Se puede utilizar \u00abEl Palomar\u00bb y \u00abN\u00e1utico Ullum\u00bb de la UNSJ con protocolo"},"content":{"rendered":"<p>La Direcci\u00f3n de Deportes y Recreaci\u00f3n de la Secretar\u00eda de Bienestar Universitario informa que se habilitaron los predios del Complejo El Palomar y el N\u00e1utico Ullum.<\/p>\n<p>En el Complejo El Palomar se habilita el ingreso al predio de lunes a domingo de 9 a 20 horas. El natatorio de verano (abierto) se podr\u00e1 utilizar de lunes a viernes de 11 a 21 horas, s\u00e1bados de 10 a 21 y domingos y feriados de 09 a 21 horas. Para uso recreativo no es necesario sacar turnos.<\/p>\n<p>El natatorio climatizado (cerrado) se podr\u00e1 utilizar de lunes a viernes de 19 a 21 horas, para nado competitivo exclusivamente, por turnos.<\/p>\n<p>La oficina de atenci\u00f3n al p\u00fablico estar\u00e1 abierta de lunes a viernes de 8 a 13 horas.<\/p>\n<p>La revisaci\u00f3n m\u00e9dica para uso de los natatorios se podr\u00e1 realizar en el edificio de Salud Universitaria, de lunes a viernes de 8 a 12 horas. Y por la tarde, lunes, mi\u00e9rcoles y viernes de 15 a 19 horas.<\/p>\n<p>En tanto que el Complejo N\u00e1utico Ullum funcionar\u00e1 viernes, s\u00e1bado, domingos y feriados. En este predio rige el protocolo establecido para campings.<\/p>\n<p>El ingreso es desde las 12 hasta\u00a0las 20 horas y la permanencia es hasta las 24 horas.<\/p>\n<p>El ingreso es con turno previo: s\u00f3lo por Whatsapp 264 6629521<\/p>\n<p>Los sectores habilitados son los quinchos (grupos hasta 8 personas y por turnos); parrilleros fuera de quinchos, mesas con burbujas; pileta (turnos de hasta 45 minutos). En todo momento que se circule fuera de estos sectores se deber\u00e1 usar el tapabocas.<\/p>\n<p>La playa costera no se encuentra habilitada ni tampoco la posibilidad de dormir en el lugar (carpas, casa rodante o veh\u00edculo).<\/p>\n<p><strong><span style=\"color: #ff0000;\">Hay un protocolo establecido: ver el archivo adjunto.<\/span><\/strong><\/p>\n<p><a href=\"https:\/\/vocesparalelas.com.ar\/sitio\/wp-content\/uploads\/2021\/01\/UNSJ-Verano_2021_Palomar_Ullum_5296_014.pdf\">UNSJ-Verano_2021_Palomar_Ullum_5296_014<\/a><\/p>\n","protected":false},"excerpt":{"rendered":"<p>La Direcci\u00f3n de Deportes y Recreaci\u00f3n de la Secretar\u00eda de Bienestar Universitario informa que se habilitaron los predios del Complejo<\/p>\n","protected":false},"author":3,"featured_media":6496,"comment_status":"closed","ping_status":"closed","sticky":false,"template":"","format":"standard","meta":{"_acf_changed":false,"_seopress_robots_primary_cat":"none","_seopress_titles_title":"","_seopress_titles_desc":"","_seopress_robots_index":"","colormag_page_container_layout":"default_layout","colormag_page_sidebar_layout":"default_layout","footnotes":""},"categories":[2],"tags":[],"class_list":["post-34247","post","type-post","status-publish","format-standard","has-post-thumbnail","hentry","category-convocatorias"],"acf":[],"_links":{"self":[{"href":"https:\/\/vocesparalelas.com.ar\/sitio\/wp-json\/wp\/v2\/posts\/34247","targetHints":{"allow":["GET"]}}],"collection":[{"href":"https:\/\/vocesparalelas.com.ar\/sitio\/wp-json\/wp\/v2\/posts"}],"about":[{"href":"https:\/\/vocesparalelas.com.ar\/sitio\/wp-json\/wp\/v2\/types\/post"}],"author":[{"embeddable":true,"href":"https:\/\/vocesparalelas.com.ar\/sitio\/wp-json\/wp\/v2\/users\/3"}],"replies":[{"embeddable":true,"href":"https:\/\/vocesparalelas.com.ar\/sitio\/wp-json\/wp\/v2\/comments?post=34247"}],"version-history":[{"count":1,"href":"https:\/\/vocesparalelas.com.ar\/sitio\/wp-json\/wp\/v2\/posts\/34247\/revisions"}],"predecessor-version":[{"id":34250,"href":"https:\/\/vocesparalelas.com.ar\/sitio\/wp-json\/wp\/v2\/posts\/34247\/revisions\/34250"}],"wp:featuredmedia":[{"embeddable":true,"href":"https:\/\/vocesparalelas.com.ar\/sitio\/wp-json\/wp\/v2\/media\/6496"}],"wp:attachment":[{"href":"https:\/\/vocesparalelas.com.ar\/sitio\/wp-json\/wp\/v2\/media?parent=34247"}],"wp:term":[{"taxonomy":"category","embeddable":true,"href":"https:\/\/vocesparalelas.com.ar\/sitio\/wp-json\/wp\/v2\/categories?post=34247"},{"taxonomy":"post_tag","embeddable":true,"href":"https:\/\/vocesparalelas.com.ar\/sitio\/wp-json\/wp\/v2\/tags?post=34247"}],"curies":[{"name":"wp","href":"https:\/\/api.w.org\/{rel}","templated":true}]}}