{"id":34234,"date":"2021-01-12T22:48:04","date_gmt":"2021-01-13T01:48:04","guid":{"rendered":"http:\/\/vocesparalelas.com.ar\/sitio\/?p=34234"},"modified":"2021-01-12T22:48:04","modified_gmt":"2021-01-13T01:48:04","slug":"san-juan-gestiona-la-compra-de-suero-equino-hiperinmune","status":"publish","type":"post","link":"https:\/\/vocesparalelas.com.ar\/sitio\/san-juan-gestiona-la-compra-de-suero-equino-hiperinmune\/","title":{"rendered":"San Juan gestiona la compra de suero equino hiperinmune"},"content":{"rendered":"<p>En conferencia desde el Ministerio de Salud P\u00fablica del Gobierno de San Juan, la secretaria de Planificaci\u00f3n, Dra. Alina Almaz\u00e1n brind\u00f3 detalles sobre la llegada a San Juan del suero equino hiperinmune. El tratamiento con esta disoluci\u00f3n, destinado a pacientes adultos de COVID-19, fue aprobado por ANMAT en diciembre de 2020.<\/p>\n<p>La funcionaria explic\u00f3 que \u201ccon este nuevo metodo ter\u00e1peutico se intentar\u00e1 mejorar la situaci\u00f3n de aquellos pacientes que padezcan coronavirus en situaci\u00f3n moderada a severa, ya que los estudios realizados han demostrado disminuir la mortalidad en un 45%, y la asistencia respiratoria en un 36%\u201d, explic\u00f3. La doctora Almaz\u00e1n tambi\u00e9n destac\u00f3 que se ha observado una considerable disminuci\u00f3n en el uso de camas de internaci\u00f3n para pacientes que padecen la enfermedad.<\/p>\n<p>\u201cPor orden de la ministra Alejandra Venerando se est\u00e1 gestionando con el laboratorio la adquisici\u00f3n de estos tratamientos, aunque aun no tenemos respuesta cierta hasta que el Ministerio de Salud de la Naci\u00f3n no defina el m\u00e9todo de distribuci\u00f3n para el interior del pa\u00eds\u201d, explic\u00f3.<\/p>\n<p>En cuanto a la cantidad que llegar\u00eda a la provincia, la secretaria de Planificaci\u00f3n sostuvo que \u201cestamos hablando, en principio, entre 300 a 500 tratamientos que se aplicar\u00edan a los sanjuaninos. Falta conocer las disposiciones emanadas de la cartera sanitaria nacional\u201d.<\/p>\n<p>Sobre la compra de vacunas contra el coronavirus que har\u00eda la Provincia, seg\u00fan cont\u00f3 el gobernador el lunes en conferencia de prensa, Almaz\u00e1n explic\u00f3 que San Juan dispone de fondos para la adquisici\u00f3n de inyectables. Actualmente los laboratorios fabricantes de vacunas no han puesto en el mercado dosis disponibles para la compra y solo se negocian con gobiernos nacionales de distintos pa\u00edses.<\/p>\n<p><strong><span style=\"color: #ff0000;\">Acerca del suero hiperinmune anti-SARS-CoV-2 (INM005, CoviFab\u00ae)<\/span><\/strong><\/p>\n<p>Es una inmunoterapia basada en anticuerpos policlonales equinos con gran capacidad neutralizante anti SARS-CoV-2. Se obtienen utilizando como ant\u00edgeno una prote\u00edna recombinante del virus, la cual se produce mediante t\u00e9cnicas de biotecnolog\u00eda. El medicamento se logra a partir del procesamiento de los anticuerpos, generando fragmentos con alta pureza y buen perfil de seguridad. Los anticuerpos policlonales tienen la ventaja que reconocen y unen en varias regiones a la mol\u00e9cula clave del virus, bloqueando los sitios de interacci\u00f3n con sus receptores. Como ventaja adicional, pueden producirse r\u00e1pidamente a gran escala.<\/p>\n<p>Este proyecto, que fue uno de los seleccionados por la convocatoria \u201cIdeas Proyecto COVID-19\u201d, est\u00e1 enmarcado dentro de las acciones que el Ministerio de Ciencia, Tecnolog\u00eda e Innovaci\u00f3n (MINCyT), el CONICET y la Agencia Nacional de Promoci\u00f3n de la Investigaci\u00f3n, el Desarrollo Tecnol\u00f3gico y la Innovaci\u00f3n, llevan a cabo a trav\u00e9s de la \u00abUnidad Coronavirus COVID-19\u00bb.<\/p>\n","protected":false},"excerpt":{"rendered":"<p>En conferencia desde el Ministerio de Salud P\u00fablica del Gobierno de San Juan, la secretaria de Planificaci\u00f3n, Dra. Alina Almaz\u00e1n<\/p>\n","protected":false},"author":3,"featured_media":34236,"comment_status":"closed","ping_status":"closed","sticky":false,"template":"","format":"standard","meta":{"_acf_changed":false,"_seopress_robots_primary_cat":"none","_seopress_titles_title":"","_seopress_titles_desc":"","_seopress_robots_index":"","colormag_page_container_layout":"default_layout","colormag_page_sidebar_layout":"default_layout","footnotes":""},"categories":[1],"tags":[],"class_list":["post-34234","post","type-post","status-publish","format-standard","has-post-thumbnail","hentry","category-destacadas"],"acf":[],"_links":{"self":[{"href":"https:\/\/vocesparalelas.com.ar\/sitio\/wp-json\/wp\/v2\/posts\/34234","targetHints":{"allow":["GET"]}}],"collection":[{"href":"https:\/\/vocesparalelas.com.ar\/sitio\/wp-json\/wp\/v2\/posts"}],"about":[{"href":"https:\/\/vocesparalelas.com.ar\/sitio\/wp-json\/wp\/v2\/types\/post"}],"author":[{"embeddable":true,"href":"https:\/\/vocesparalelas.com.ar\/sitio\/wp-json\/wp\/v2\/users\/3"}],"replies":[{"embeddable":true,"href":"https:\/\/vocesparalelas.com.ar\/sitio\/wp-json\/wp\/v2\/comments?post=34234"}],"version-history":[{"count":1,"href":"https:\/\/vocesparalelas.com.ar\/sitio\/wp-json\/wp\/v2\/posts\/34234\/revisions"}],"predecessor-version":[{"id":34237,"href":"https:\/\/vocesparalelas.com.ar\/sitio\/wp-json\/wp\/v2\/posts\/34234\/revisions\/34237"}],"wp:featuredmedia":[{"embeddable":true,"href":"https:\/\/vocesparalelas.com.ar\/sitio\/wp-json\/wp\/v2\/media\/34236"}],"wp:attachment":[{"href":"https:\/\/vocesparalelas.com.ar\/sitio\/wp-json\/wp\/v2\/media?parent=34234"}],"wp:term":[{"taxonomy":"category","embeddable":true,"href":"https:\/\/vocesparalelas.com.ar\/sitio\/wp-json\/wp\/v2\/categories?post=34234"},{"taxonomy":"post_tag","embeddable":true,"href":"https:\/\/vocesparalelas.com.ar\/sitio\/wp-json\/wp\/v2\/tags?post=34234"}],"curies":[{"name":"wp","href":"https:\/\/api.w.org\/{rel}","templated":true}]}}