{"id":34225,"date":"2021-01-12T01:17:37","date_gmt":"2021-01-12T04:17:37","guid":{"rendered":"http:\/\/vocesparalelas.com.ar\/sitio\/?p=34225"},"modified":"2021-01-12T01:17:37","modified_gmt":"2021-01-12T04:17:37","slug":"se-suspende-la-39o-vuelta-a-san-juan","status":"publish","type":"post","link":"https:\/\/vocesparalelas.com.ar\/sitio\/se-suspende-la-39o-vuelta-a-san-juan\/","title":{"rendered":"Se suspende la 39\u00ba Vuelta a San Juan"},"content":{"rendered":"<p>El Lunes, 11 de Enero, \u00a0el gobernador de San Juan, Dr. Sergio U\u00f1ac presidi\u00f3 junto con el secretario de Estado de Deportes, Jorge Chica y el presidente de la Uni\u00f3n Ciclista de la Rep\u00fablica Argentina y la Uni\u00f3n Ciclista Iberoamericana, Gabriel Curuchet; brindaron la conferencia de prensa donde se\u00a0oficializ\u00f3 la suspensi\u00f3n de la edici\u00f3n 39 de la Vuelta a San Juan.<\/p>\n<p>La decisi\u00f3n responde a los hechos de p\u00fablico y notorio conocimiento, y las recomendaciones de organismos nacionales e internacionales con referencia al coronavirus.<\/p>\n<p>Durante la conferencia, U\u00f1ac detall\u00f3 la decisi\u00f3n tomada, manifestando que \u201caun teniendo establecidos los compromisos y los equipos, teniendo en cuenta esta relaci\u00f3n contagio &#8211; cantidad de habitantes, respecto de la movilidad econ\u00f3mica y tratando de cuidar este justo equilibrio que queremos hacer en la provincia de San Juan, es oportuno no dar desarrollo a esta 39 edici\u00f3n\u201d.<\/p>\n<p>En ese sentido, agreg\u00f3 que \u201cla decisi\u00f3n es no hacerla de manera internacional, no hacerla de manera nacional ni siquiera hacerla de manera local. La Federaci\u00f3n de Ciclismo sanjuanino ha venido manteniendo una agenda muy cuidadosa con testeo para los participantes, con burbujas para el desarrollo de cada una de las competencias, con calendarios que se han establecido cada 15 d\u00edas porque la idea es poder mantener la m\u00ednima actividad con carreras de una sola etapa nada m\u00e1s\u201d.<\/p>\n<p>En retrospectiva, U\u00f1ac analiz\u00f3 la decisi\u00f3n tomada como un acierto en lo que concierne el presente y futuro de los sanjuaninos, afirmando: \u201cCreemos que es la decisi\u00f3n acertada, estamos manteniendo los criterios sanitarios y la movilidad econ\u00f3mica. Hemos apostado mucho por el desarrollo deportivo. Esta es la provincia que m\u00e1s invierte en deporte, que m\u00e1s invierte en deportistas, que m\u00e1s relaci\u00f3n tiene con dirigentes y m\u00e1s herramientas le proporciona a los dirigentes, que m\u00e1s invierte en infraestructura pero que tambi\u00e9n m\u00e1s invierte en el desarrollo de eventos deportivos. Pero hoy, vemos inconvenientes en realizar la Vuelta, as\u00ed que la decisi\u00f3n es que no se va a desarrollar este a\u00f1o la 39 edici\u00f3n de la vuelta a la provincia de San Juan\u201d.<\/p>\n<p>Al cierre y en esa misma l\u00ednea, augur\u00f3 un mejor 2022 anunciando que \u201charemos todo lo posible para que la 40 edici\u00f3n de la Vuelta a San Juan pueda recuperar y superar los par\u00e1metros que hemos establecido que ya de por s\u00ed eran altos\u201d, finaliz\u00f3 el gobernador.<\/p>\n<p>Por su parte, Chica, en voz un\u00edsona con U\u00f1ac, recalc\u00f3 la importancia de resguardar la salud y el presente sanitario: \u201cNada es m\u00e1s importante que la salud de cada uno y cada una de los sanjuaninos y sanjuaninas\u201d.<\/p>\n<p>En ese sentido, expuso el plan a seguir tomado en relaci\u00f3n a los avances de la pandemia: \u201cEvaluamos desde que anunciamos el pasado diciembre la Vuelta a San Juan 3 escenarios. El plan A bajo la categor\u00eda de la Uni\u00f3n Cicl\u00edstica Internacional y bajo la categor\u00eda de Pro Series; el plan B era la posibilidad, si este estatus y la situaci\u00f3n sanitaria cambiaba, de hacerla con los mejores equipos del pa\u00eds y provinciales; y el plan C, la cancelaci\u00f3n. El estatus sanitario cambi\u00f3 despu\u00e9s de las 48 horas de haber al anunciado esa vuelta. La situaci\u00f3n de ingreso pa\u00eds, los contagios que se han dado a trav\u00e9s de una nueva cepa en el contexto internacional, hacen que sigamos enfoc\u00e1ndonos en la intenci\u00f3n mayor que es cuidar la salud de los sanjuaninos\u201d, manifest\u00f3 Chica.<\/p>\n<p>A su vez, Curuchet acompa\u00f1\u00f3 la decisi\u00f3n tomada en la fecha manifestando que \u201clos argumentos son m\u00e1s que valederos. Respaldamos como Uni\u00f3n Cicl\u00edstica de la Rep\u00fablica Argentina la decisi\u00f3n tomada. En la actualidad, la situaci\u00f3n general del mundo y en nuestro pa\u00eds, donde vemos carreras como en Australia o como en nuestro continente que se han cancelado, nosotros no nos escapamos a esa realidad. En nombre del ciclismo argentino acompa\u00f1amos y respaldamos esta decisi\u00f3n sabiendo que en el 2022 tendremos una edici\u00f3n como siempre nos ha tenido acostumbrados San Juan\u201d.<\/p>\n<p>&nbsp;<\/p>\n<p><iframe loading=\"lazy\" title=\"Anunciaron la suspensi\u00f3n de la 39 \u00ba Vuelta Cicl\u00edstica a San Juan\" width=\"800\" height=\"450\" src=\"https:\/\/www.youtube.com\/embed\/1lXEB2tPKMw?feature=oembed\" frameborder=\"0\" allow=\"accelerometer; autoplay; clipboard-write; encrypted-media; gyroscope; picture-in-picture\" allowfullscreen><\/iframe><\/p>\n","protected":false},"excerpt":{"rendered":"<p>El Lunes, 11 de Enero, \u00a0el gobernador de San Juan, Dr. Sergio U\u00f1ac presidi\u00f3 junto con el secretario de Estado<\/p>\n","protected":false},"author":3,"featured_media":34227,"comment_status":"closed","ping_status":"closed","sticky":false,"template":"","format":"video","meta":{"_acf_changed":false,"_seopress_robots_primary_cat":"none","_seopress_titles_title":"","_seopress_titles_desc":"","_seopress_robots_index":"","colormag_page_container_layout":"default_layout","colormag_page_sidebar_layout":"default_layout","footnotes":""},"categories":[1,7],"tags":[],"class_list":["post-34225","post","type-post","status-publish","format-video","has-post-thumbnail","hentry","category-destacadas","category-videos","post_format-post-format-video"],"acf":[],"_links":{"self":[{"href":"https:\/\/vocesparalelas.com.ar\/sitio\/wp-json\/wp\/v2\/posts\/34225","targetHints":{"allow":["GET"]}}],"collection":[{"href":"https:\/\/vocesparalelas.com.ar\/sitio\/wp-json\/wp\/v2\/posts"}],"about":[{"href":"https:\/\/vocesparalelas.com.ar\/sitio\/wp-json\/wp\/v2\/types\/post"}],"author":[{"embeddable":true,"href":"https:\/\/vocesparalelas.com.ar\/sitio\/wp-json\/wp\/v2\/users\/3"}],"replies":[{"embeddable":true,"href":"https:\/\/vocesparalelas.com.ar\/sitio\/wp-json\/wp\/v2\/comments?post=34225"}],"version-history":[{"count":1,"href":"https:\/\/vocesparalelas.com.ar\/sitio\/wp-json\/wp\/v2\/posts\/34225\/revisions"}],"predecessor-version":[{"id":34228,"href":"https:\/\/vocesparalelas.com.ar\/sitio\/wp-json\/wp\/v2\/posts\/34225\/revisions\/34228"}],"wp:featuredmedia":[{"embeddable":true,"href":"https:\/\/vocesparalelas.com.ar\/sitio\/wp-json\/wp\/v2\/media\/34227"}],"wp:attachment":[{"href":"https:\/\/vocesparalelas.com.ar\/sitio\/wp-json\/wp\/v2\/media?parent=34225"}],"wp:term":[{"taxonomy":"category","embeddable":true,"href":"https:\/\/vocesparalelas.com.ar\/sitio\/wp-json\/wp\/v2\/categories?post=34225"},{"taxonomy":"post_tag","embeddable":true,"href":"https:\/\/vocesparalelas.com.ar\/sitio\/wp-json\/wp\/v2\/tags?post=34225"}],"curies":[{"name":"wp","href":"https:\/\/api.w.org\/{rel}","templated":true}]}}