{"id":34219,"date":"2021-01-11T23:52:43","date_gmt":"2021-01-12T02:52:43","guid":{"rendered":"http:\/\/vocesparalelas.com.ar\/sitio\/?p=34219"},"modified":"2021-01-11T23:55:47","modified_gmt":"2021-01-12T02:55:47","slug":"invito-a-los-sanjuaninos-a-seguir-respetando-los-protocolos-vigentes-para-mantener-el-equilibrio-entre-la-salud-y-lo-economico","status":"publish","type":"post","link":"https:\/\/vocesparalelas.com.ar\/sitio\/invito-a-los-sanjuaninos-a-seguir-respetando-los-protocolos-vigentes-para-mantener-el-equilibrio-entre-la-salud-y-lo-economico\/","title":{"rendered":"\u00abInvito a los sanjuaninos a seguir respetando los protocolos vigentes para mantener el equilibrio entre la salud y lo econ\u00f3mico\u201d"},"content":{"rendered":"<p>El Lunes, 11 de Enero, en conferencia de prensa, el gobernador de San Juan, Dr. Sergio U\u00f1ac, realiz\u00f3 un balance del 2020, tras recuperarse de COVID-19. El mandatario provincial se someti\u00f3 la semana pasada a un test de PCR que arroj\u00f3 resultado negativo, por lo que retom\u00f3 sus funciones al frente del Ejecutivo provincial.<\/p>\n<p>Tras mantener su primera reuni\u00f3n de Gabinete del 2021, U\u00f1ac dialog\u00f3 con la prensa y aprovech\u00f3 para dirigirse a los sanjuaninos y contar en primera persona los detalles de su convivencia con el virus.<\/p>\n<p>Sobre el inicio de la conferencia, U\u00f1ac se mostr\u00f3 \u201ccontento de estar nuevamente en funciones, lo que significa que estoy recuperado 100% de COVID-19\u201d, a la vez que reconoci\u00f3 que se contagi\u00f3 \u00aben el momento que menos lo esperaba\u201d, en relaci\u00f3n a sus cuidados, personales e institucionales, a la hora de cumplir con los protocolos de bioseguridad vigentes. Posteriormente, detall\u00f3 cada uno de los pasos que segu\u00eda cuando viajaba a Capital Federal para gestionar y generar acciones en favor de la provincia, mediante reuniones y firmas de convenios con el Gobierno Nacional, y su posterior regreso a San Juan.<\/p>\n<p>\u201cEste es un mensaje para todos los sanjuaninos, este virus te deja casi en un volver a empezar\u201d, relat\u00f3 sobre su transici\u00f3n con la enfermedad y recomend\u00f3 a los sanjuaninos cuidarse. \u201cNo hay que subestimar el contagio y si les recomiendan que se contagien, no lo hagan. Pod\u00e9s estar bien, pod\u00e9s estar mal, un poco peor, muy mal o hasta te puede costar la vida, y no todos los que fallecen son de mayor edad. No hay que contagiarse, hay que cuidarse\u00bb.<\/p>\n<p>\u201cEstoy bien, con ganas de seguir trabajando y lo hago con las ganas que lo hice siempre. Quiero agradecer a los sanjuaninos por el acompa\u00f1amiento. Despegado de las situaciones pol\u00edticas, he recibido mensajes de todos los sectores y de los sanjuaninos en las redes sociales, el agradecimiento por esos deseos de recuperaci\u00f3n. Uno tiene que ser agradecido y hay que expresarlo. Agradecimiento tambi\u00e9n a la tarea del vicegobernador Roberto Gattoni, que llev\u00f3 este proceso con absoluta naturalidad y el agradecimiento al Ministerio de Salud y al personal del Hospital Rawson\u00bb.<\/p>\n<p>Al momento del balance institucional, U\u00f1ac explic\u00f3 que la Provincia cerr\u00f3 el 2020 con \u201cindicadores bastantes razonables; manteniendo la grilla salarial al d\u00eda, pagando aguinaldo, plus de fin de a\u00f1o, con adicionales para los sectores de salud y seguridad; sin tomar un solo peso de ning\u00fan cr\u00e9dito que ten\u00edamos autorizado, pero que tampoco nos hizo falta, es un hecho muy valorado por todos los sanjuaninos, en definitiva hemos trabajado para eso\u201d, enumer\u00f3.<\/p>\n<p>A rengl\u00f3n seguido, se explay\u00f3 en cuanto al movimiento econ\u00f3mico que gener\u00f3 la obra p\u00fablica, la miner\u00eda y la actividad privada en el contexto de pandemia: \u201cEso habla de los esfuerzos que hemos hecho en un a\u00f1o dif\u00edcil, donde el desaf\u00edo fue equilibrar lo sanitario con lo econ\u00f3mico, y lo logramos\u201d, afirm\u00f3.<\/p>\n<p>En ese contexto, agradeci\u00f3 al Gobierno nacional por el env\u00edo de vacunas para combatir el coronavirus: \u201cEl plan de vacunaci\u00f3n va muy bien, el sector m\u00e9dico contin\u00faa vacun\u00e1ndose y los resultados son \u00f3ptimos. La Provincia tiene una vocaci\u00f3n que permite continuar con este plan\u201d, a la vez que anticip\u00f3 que \u201cestamos muy atentos, hoy no se puede por la demanda en todo el mundo, pero en alg\u00fan momento se abrir\u00e1 la comercializaci\u00f3n de las vacunas, con una relaci\u00f3n intacta con Naci\u00f3n que seguir\u00e1 enviando vacunas como corresponde, pero tambi\u00e9n est\u00e1 previsto en el Presupuesto provincial poder comprar las vacunas necesarias para inmunizar a la totalidad de la poblaci\u00f3n sanjuanina\u201d.<\/p>\n<p>Sobre la vuelta de clases presenciales, y previo a la llegada del ministro de Educaci\u00f3n de la Naci\u00f3n, Nicolas Trotta, el pr\u00f3ximo 18 de enero, U\u00f1ac dijo que \u201cSan Juan es una provincia que prioriz\u00f3 la educaci\u00f3n m\u00e1s all\u00e1 de los problemas que gener\u00f3 la pandema y estamos trabajando de la misma manera para que el 1 de marzo vuelvan las clases presenciales, con los protocolos respectivos\u201d.<\/p>\n<p>El mandatario aprovech\u00f3 la ocasi\u00f3n para pedirles a los sanjuaninos no estigmatizar a los j\u00f3venes: \u201cLas sociedades modernas, equilibradas y respetuosas no estigmatizan a nadie\u201d, dijo haciendo referencia a la escalada de contagios en todo el territorio nacional y el protagonismo que estos tomaron en las \u00faltimas semanas. \u201cPuede haber malos ejemplos de gente de cualquier edad que vulnere alguna norma en particular, en San Juan hay 250 mil j\u00f3venes y no los tenemos que se\u00f1alar, debemos aconsejarlos y acompa\u00f1arlos, ni a ellos ni a otros sector de la sociedad. \u00daltimamente se hizo foco en eso, pueden tener algo que ver en la generaci\u00f3n de los contagios, pero no son la causa. Todos nos tenemos que cuidar, ese es el mensaje de equilibro, de podernos cuidar sin se\u00f1alarnos que nos permitan mantener lo sanitario y lo econ\u00f3mico, como lo venimos haciendo\u201d, reflexion\u00f3.<\/p>\n<p>En otro tramo de la conferencia, el gobernador reforz\u00f3 su propuesta de suspender en todo el pa\u00eds las elecciones Primarias, Abiertas, Simult\u00e1neas y Obligatorias (PASO), tomando como ejemplo el desembarco de una segunda ola de contagios en el Reino Unido y otras naciones europeas. \u201cAntes de que pase todo esto, sosten\u00eda que no era conveniente que este a\u00f1o se realizaran las PASO, con mucho respeto, representando a todos los sanjuaninos, debemos seguir pensando que el escenario pol\u00edtico nacional se debe poner de acuerdo en un tema que es importante: votar y definir autoridades en una sola elecci\u00f3n, en el mes de octubre. La curva de contagios ha crecido en el pa\u00eds de manera contundente, no ocurre lo mismo hoy en la provincia, pero hay que prepararse ya que puede ocurrir y la \u00fanica manera de delimitar eso es cuid\u00e1ndonos y mucho, lo que no significa no realizar actividades, significa hacerlas respetando los protocolos, con esto tambi\u00e9n nos podemos llegar a contagiar\u201d, repas\u00f3 U\u00f1ac.<\/p>\n<p>Sobre el cierre, el mandatario explic\u00f3 sobre el decreto nacional que establece indicadores t\u00e9cnicos que facultan a los mandatarios provinciales a tomar diversas medidas frente a un incremento de los contagios de coronavirus, que \u201cen sus dos indicadores de raz\u00f3n e incidencia, el indicador raz\u00f3n establece que los contagios de los \u00faltimos 14 d\u00edas respecto de los 14 d\u00edas anteriores, no puede crecer un 20%, en eso San Juan est\u00e1 muy bien, el margen y los esfuerzos deben seguir as\u00ed para continuar bajando ese porcentaje, vamos a seguir trabajando para eso. En cuanto a la incidencia, la cifra indica 150 casos por cada 100.000 habitantes, en eso la provincia supera un poco el margen. Son dos indicadores que debemos seguir mirando. Entonces, la vocaci\u00f3n del Gobierno, de este gobernador, de su equipo de trabajo y \u2013me consta- de todos los sanjuaninos es seguir manteniendo las mismas actividades, vamos a seguir as\u00ed. Ha habido reuniones con cada uno de los sectores y les expres\u00e9 que queremos seguir manteniendo un equilibro entre la salud y lo econ\u00f3mico, vamos a continuar como lo ven\u00edamos haciendo, pero depende de todos los sanjuaninos, el camino el seguir respetando los protocolos, el cuidado depende de cada uno de los sanjuaninos y sanjuaninas\u201d.<\/p>\n<p><iframe loading=\"lazy\" title=\"U\u00f1ac tras la vuelta a sus funciones: \u201cQuiero agradecer a los sanjuaninos por el acompa\u00f1amiento\u201d\" width=\"800\" height=\"450\" src=\"https:\/\/www.youtube.com\/embed\/MVCIKIKYe6o?feature=oembed\" frameborder=\"0\" allow=\"accelerometer; autoplay; clipboard-write; encrypted-media; gyroscope; picture-in-picture\" allowfullscreen><\/iframe><\/p>\n","protected":false},"excerpt":{"rendered":"<p>El Lunes, 11 de Enero, en conferencia de prensa, el gobernador de San Juan, Dr. Sergio U\u00f1ac, realiz\u00f3 un balance<\/p>\n","protected":false},"author":3,"featured_media":34221,"comment_status":"closed","ping_status":"closed","sticky":false,"template":"","format":"video","meta":{"_acf_changed":false,"_seopress_robots_primary_cat":"none","_seopress_titles_title":"","_seopress_titles_desc":"","_seopress_robots_index":"","colormag_page_container_layout":"default_layout","colormag_page_sidebar_layout":"default_layout","footnotes":""},"categories":[1,7],"tags":[],"class_list":["post-34219","post","type-post","status-publish","format-video","has-post-thumbnail","hentry","category-destacadas","category-videos","post_format-post-format-video"],"acf":[],"_links":{"self":[{"href":"https:\/\/vocesparalelas.com.ar\/sitio\/wp-json\/wp\/v2\/posts\/34219","targetHints":{"allow":["GET"]}}],"collection":[{"href":"https:\/\/vocesparalelas.com.ar\/sitio\/wp-json\/wp\/v2\/posts"}],"about":[{"href":"https:\/\/vocesparalelas.com.ar\/sitio\/wp-json\/wp\/v2\/types\/post"}],"author":[{"embeddable":true,"href":"https:\/\/vocesparalelas.com.ar\/sitio\/wp-json\/wp\/v2\/users\/3"}],"replies":[{"embeddable":true,"href":"https:\/\/vocesparalelas.com.ar\/sitio\/wp-json\/wp\/v2\/comments?post=34219"}],"version-history":[{"count":2,"href":"https:\/\/vocesparalelas.com.ar\/sitio\/wp-json\/wp\/v2\/posts\/34219\/revisions"}],"predecessor-version":[{"id":34224,"href":"https:\/\/vocesparalelas.com.ar\/sitio\/wp-json\/wp\/v2\/posts\/34219\/revisions\/34224"}],"wp:featuredmedia":[{"embeddable":true,"href":"https:\/\/vocesparalelas.com.ar\/sitio\/wp-json\/wp\/v2\/media\/34221"}],"wp:attachment":[{"href":"https:\/\/vocesparalelas.com.ar\/sitio\/wp-json\/wp\/v2\/media?parent=34219"}],"wp:term":[{"taxonomy":"category","embeddable":true,"href":"https:\/\/vocesparalelas.com.ar\/sitio\/wp-json\/wp\/v2\/categories?post=34219"},{"taxonomy":"post_tag","embeddable":true,"href":"https:\/\/vocesparalelas.com.ar\/sitio\/wp-json\/wp\/v2\/tags?post=34219"}],"curies":[{"name":"wp","href":"https:\/\/api.w.org\/{rel}","templated":true}]}}