{"id":34207,"date":"2021-01-08T21:30:44","date_gmt":"2021-01-09T00:30:44","guid":{"rendered":"http:\/\/vocesparalelas.com.ar\/sitio\/?p=34207"},"modified":"2021-01-13T01:15:58","modified_gmt":"2021-01-13T04:15:58","slug":"vias-de-atencion-del-departamento-de-control-medico-durante-enero","status":"publish","type":"post","link":"https:\/\/vocesparalelas.com.ar\/sitio\/vias-de-atencion-del-departamento-de-control-medico-durante-enero\/","title":{"rendered":"V\u00edas de atenci\u00f3n del Departamento de Control M\u00e9dico durante Enero"},"content":{"rendered":"<p>El Departamento de Control M\u00e9dico, dependiente de la Secretar\u00eda Administrativa Financiera de la UNSJ informa que con motivo del receso anual, el \u00e1rea permanecer\u00e1 cerrada desde el 4 de enero hasta el 3 de febrero de 2021.<\/p>\n<p>Para el personal de la UNSJ que deba realizar tr\u00e1mites en esta unidad podr\u00e1 utilizar:<\/p>\n<ul>\n<li>El correo electr\u00f3nico de Control M\u00e9dico <a href=\"cmedico@unsj.edu.ar\">cmedico@unsj.edu.ar <\/a>enviando todos los datos e imagen de los certificados que se deban incluir.<\/li>\n<li><span style=\"line-height: 1.5;\">El servicio online<\/span><span style=\"line-height: 1.5;\"> que est\u00e1 disponible en el Sitio de la UNSJ y en el que tambi\u00e9n se adjunta por ese medio el certificado m\u00e9dico.<\/span><\/li>\n<\/ul>\n<p><a href=\"http:\/\/www.unsj.edu.ar\/administracion\/controlmedico\">http:\/\/www.unsj.edu.ar\/administracion\/controlmedico<\/a><\/p>\n<p>-Otra opci\u00f3n, es la v\u00eda telef\u00f3nica: a trav\u00e9s del contestador autom\u00e1tico y dejando los datos, luego se debe enviar el certificado m\u00e9dico por correo electr\u00f3nico: tel\u00e9fono\u00a0264 4238225.<\/p>\n<p>Cabe aclarar que la presentaci\u00f3n de los\u00a0certificados originales se deber\u00e1 hacer una vez que se recupere la presencialidad en los lugares de trabajo.<\/p>\n<p>Adem\u00e1s, se le recuerda al personal que se encuentra en uso de LICENCIA ANUAL ORDINARIA que solo podr\u00e1n interrumpir la misma por razones de salud o en caso de los agentes que est\u00e9n prestando servicios, por las siguientes situaciones:<\/p>\n<ul>\n<li>Enfermedad que supere los 5 d\u00edas de reposo.<\/li>\n<li><span style=\"line-height: 1.5;\">Maternidad.<\/span><\/li>\n<li><span style=\"line-height: 1.5;\">Pr\u00f3rrogas por largo tratamiento.<\/span><\/li>\n<li><span style=\"line-height: 1.5;\">Atenci\u00f3n de familiar solo por hijo menor cuando supere los 5 d\u00edas de reposo.<\/span><\/li>\n<li><span style=\"line-height: 1.5;\">Accidente de trabajo.<\/span><\/li>\n<\/ul>\n<p>Queda a criterio del m\u00e9dico auditor la autorizaci\u00f3n de la solicitud de licencia.<\/p>\n<p><span style=\"color: #008000;\"><strong> M\u00e1s informaci\u00f3n<\/strong><\/span><\/p>\n<p>Departamento de Control M\u00e9dico<\/p>\n<p>Tel\u00e9fono: 264 4238225<\/p>\n<p>Mail: cmedico@unsj.edu.ar<\/p>\n","protected":false},"excerpt":{"rendered":"<p>El Departamento de Control M\u00e9dico, dependiente de la Secretar\u00eda Administrativa Financiera de la UNSJ informa que con motivo del receso<\/p>\n","protected":false},"author":3,"featured_media":33674,"comment_status":"closed","ping_status":"closed","sticky":false,"template":"","format":"standard","meta":{"_acf_changed":false,"_seopress_robots_primary_cat":"none","_seopress_titles_title":"","_seopress_titles_desc":"","_seopress_robots_index":"","colormag_page_container_layout":"default_layout","colormag_page_sidebar_layout":"default_layout","footnotes":""},"categories":[2],"tags":[],"class_list":["post-34207","post","type-post","status-publish","format-standard","has-post-thumbnail","hentry","category-convocatorias"],"acf":[],"_links":{"self":[{"href":"https:\/\/vocesparalelas.com.ar\/sitio\/wp-json\/wp\/v2\/posts\/34207","targetHints":{"allow":["GET"]}}],"collection":[{"href":"https:\/\/vocesparalelas.com.ar\/sitio\/wp-json\/wp\/v2\/posts"}],"about":[{"href":"https:\/\/vocesparalelas.com.ar\/sitio\/wp-json\/wp\/v2\/types\/post"}],"author":[{"embeddable":true,"href":"https:\/\/vocesparalelas.com.ar\/sitio\/wp-json\/wp\/v2\/users\/3"}],"replies":[{"embeddable":true,"href":"https:\/\/vocesparalelas.com.ar\/sitio\/wp-json\/wp\/v2\/comments?post=34207"}],"version-history":[{"count":1,"href":"https:\/\/vocesparalelas.com.ar\/sitio\/wp-json\/wp\/v2\/posts\/34207\/revisions"}],"predecessor-version":[{"id":34209,"href":"https:\/\/vocesparalelas.com.ar\/sitio\/wp-json\/wp\/v2\/posts\/34207\/revisions\/34209"}],"wp:featuredmedia":[{"embeddable":true,"href":"https:\/\/vocesparalelas.com.ar\/sitio\/wp-json\/wp\/v2\/media\/33674"}],"wp:attachment":[{"href":"https:\/\/vocesparalelas.com.ar\/sitio\/wp-json\/wp\/v2\/media?parent=34207"}],"wp:term":[{"taxonomy":"category","embeddable":true,"href":"https:\/\/vocesparalelas.com.ar\/sitio\/wp-json\/wp\/v2\/categories?post=34207"},{"taxonomy":"post_tag","embeddable":true,"href":"https:\/\/vocesparalelas.com.ar\/sitio\/wp-json\/wp\/v2\/tags?post=34207"}],"curies":[{"name":"wp","href":"https:\/\/api.w.org\/{rel}","templated":true}]}}