{"id":34185,"date":"2021-01-08T17:56:00","date_gmt":"2021-01-08T20:56:00","guid":{"rendered":"http:\/\/vocesparalelas.com.ar\/sitio\/?p=34185"},"modified":"2021-01-08T18:16:49","modified_gmt":"2021-01-08T21:16:49","slug":"el-gobierno-de-san-juan-analiza-el-dnu-de-la-nacion-para-cuidar-la-salud-sin-descuidar-la-economia-de-la-provincia","status":"publish","type":"post","link":"https:\/\/vocesparalelas.com.ar\/sitio\/el-gobierno-de-san-juan-analiza-el-dnu-de-la-nacion-para-cuidar-la-salud-sin-descuidar-la-economia-de-la-provincia\/","title":{"rendered":"El Gobierno de San Juan analiza el DNU de la Naci\u00f3n para cuidar la salud sin descuidar la econom\u00eda de la provincia"},"content":{"rendered":"<p>El Gobierno de San Juan informa que tras los anuncios realizados por el jefe de Gabinete de la Naci\u00f3n, Dr. Santiago Cafiero, y en el marco de la publicaci\u00f3n en el Bolet\u00edn Oficial del Decreto Nacional \u00abDCTO-2021-4-APN-PTE &#8211; Condici\u00f3n Epidemiol\u00f3gica y Evaluaci\u00f3n de Riesgo: Medidas a fin de proteger la Salud P\u00fablica\u00bb, el vicegobernador a cargo del Poder Ejecutivo, CPN Roberto Gattoni, se\u00f1al\u00f3 que los equipos de trabajo del Comit\u00e9 Covid-19 y del Gobierno provincial analizan los detalles t\u00e9cnicos del mismo.<\/p>\n<p>En ese sentido, afirm\u00f3 que \u00abel 2020 ha sido un a\u00f1o duro para todos\u00bb, a la vez que a\u00f1adi\u00f3 que \u00abe gobernador U\u00f1ac me ha expresado que ante esta situaci\u00f3n se ha buscado siempre un equilibrio entre lo econ\u00f3mico y lo sanitario. Cuidar la salud sin descuidar la econom\u00eda de la provincia\u00bb.<\/p>\n<p>Con respecto al alcance de las medidas anunciadas por el Gobierno Nacional, Gattoni afirm\u00f3 que en la provincia continuar\u00e1n los protocolos vigentes mientras se analiza el Decreto Nacional, \u00abestudiaremos los detalles del DNU en base a los indicadores de riesgo epidemiol\u00f3gico de la provincia de San Juan\u201d, se\u00f1al\u00f3 tras dialogar con el primer mandatario provincial.<\/p>\n<p>\u00abEl gobernador est\u00e1 analizando la situaci\u00f3n para adoptar las mejores medidas, como siempre lo ha hecho pensando en todos los sanjuaninos\u201d, agreg\u00f3.<\/p>\n<p>\u201cHay que seguir destacando que la pandemia no est\u00e1 superada y tenemos que seguir cuid\u00e1ndonos, debemos respetar la distancia social, la higiene y el uso del cubrebocas de manera obligatoria\u201d, finalizo el vicegobernador.<\/p>\n<p>Oportunamente, la Subsecretar\u00eda de Informaci\u00f3n P\u00fablica de la provincia detallar\u00e1 las disposiciones adoptadas en San Juan.<\/p>\n<p>&nbsp;<\/p>\n<p>&nbsp;<\/p>\n","protected":false},"excerpt":{"rendered":"<p>El Gobierno de San Juan informa que tras los anuncios realizados por el jefe de Gabinete de la Naci\u00f3n, Dr.<\/p>\n","protected":false},"author":3,"featured_media":1245,"comment_status":"closed","ping_status":"closed","sticky":false,"template":"","format":"standard","meta":{"_acf_changed":false,"_seopress_robots_primary_cat":"none","_seopress_titles_title":"","_seopress_titles_desc":"","_seopress_robots_index":"","colormag_page_container_layout":"default_layout","colormag_page_sidebar_layout":"default_layout","footnotes":""},"categories":[1],"tags":[],"class_list":["post-34185","post","type-post","status-publish","format-standard","has-post-thumbnail","hentry","category-destacadas"],"acf":[],"_links":{"self":[{"href":"https:\/\/vocesparalelas.com.ar\/sitio\/wp-json\/wp\/v2\/posts\/34185","targetHints":{"allow":["GET"]}}],"collection":[{"href":"https:\/\/vocesparalelas.com.ar\/sitio\/wp-json\/wp\/v2\/posts"}],"about":[{"href":"https:\/\/vocesparalelas.com.ar\/sitio\/wp-json\/wp\/v2\/types\/post"}],"author":[{"embeddable":true,"href":"https:\/\/vocesparalelas.com.ar\/sitio\/wp-json\/wp\/v2\/users\/3"}],"replies":[{"embeddable":true,"href":"https:\/\/vocesparalelas.com.ar\/sitio\/wp-json\/wp\/v2\/comments?post=34185"}],"version-history":[{"count":1,"href":"https:\/\/vocesparalelas.com.ar\/sitio\/wp-json\/wp\/v2\/posts\/34185\/revisions"}],"predecessor-version":[{"id":34187,"href":"https:\/\/vocesparalelas.com.ar\/sitio\/wp-json\/wp\/v2\/posts\/34185\/revisions\/34187"}],"wp:featuredmedia":[{"embeddable":true,"href":"https:\/\/vocesparalelas.com.ar\/sitio\/wp-json\/wp\/v2\/media\/1245"}],"wp:attachment":[{"href":"https:\/\/vocesparalelas.com.ar\/sitio\/wp-json\/wp\/v2\/media?parent=34185"}],"wp:term":[{"taxonomy":"category","embeddable":true,"href":"https:\/\/vocesparalelas.com.ar\/sitio\/wp-json\/wp\/v2\/categories?post=34185"},{"taxonomy":"post_tag","embeddable":true,"href":"https:\/\/vocesparalelas.com.ar\/sitio\/wp-json\/wp\/v2\/tags?post=34185"}],"curies":[{"name":"wp","href":"https:\/\/api.w.org\/{rel}","templated":true}]}}