{"id":34148,"date":"2021-01-07T01:04:25","date_gmt":"2021-01-07T04:04:25","guid":{"rendered":"http:\/\/vocesparalelas.com.ar\/sitio\/?p=34148"},"modified":"2021-01-07T01:33:46","modified_gmt":"2021-01-07T04:33:46","slug":"fue-reinstalada-la-escultura-clamor-de-libertad-de-la-artista-mirta-romero","status":"publish","type":"post","link":"https:\/\/vocesparalelas.com.ar\/sitio\/fue-reinstalada-la-escultura-clamor-de-libertad-de-la-artista-mirta-romero\/","title":{"rendered":"Fue reinstalada la escultura \u201cClamor de Libertad\u201d de la Artista Mirta Romero"},"content":{"rendered":"<div class=\"itemFullText jbintrotext\">\n<p>En un emotivo acto fue reinstalada la obra \u201cClamor de Libertad\u201d, una escultura en madera que fue realizada por la sanjuanina y artista pl\u00e1stica, Mirta Romero, en 1990.<\/p>\n<p>Esta pieza art\u00edstica fue restaurada por su autora tras ser encontrada en un dep\u00f3sito del edificio legislativo durante un relevamiento impulsado por el vicegobernador CPN Roberto Gattoni, quien orden\u00f3 realizar un inventario de los bienes patrimoniales hist\u00f3ricos de la Legislatura, en v\u00edspera del Bicentenario del Poder Legislativo.<\/p>\n<p><img loading=\"lazy\" decoding=\"async\" class=\"alignnone wp-image-34150 size-full\" src=\"https:\/\/vocesparalelas.com.ar\/sitio\/wp-content\/uploads\/2021\/01\/CAMARA-OBRA-01.jpg\" alt=\"\" width=\"800\" height=\"506\" srcset=\"https:\/\/vocesparalelas.com.ar\/sitio\/wp-content\/uploads\/2021\/01\/CAMARA-OBRA-01.jpg 800w, https:\/\/vocesparalelas.com.ar\/sitio\/wp-content\/uploads\/2021\/01\/CAMARA-OBRA-01-300x190.jpg 300w, https:\/\/vocesparalelas.com.ar\/sitio\/wp-content\/uploads\/2021\/01\/CAMARA-OBRA-01-768x486.jpg 768w\" sizes=\"auto, (max-width: 800px) 100vw, 800px\" \/><\/p>\n<\/div>\n<div class=\"itemFullText\">\n<p>La ceremonia fue llevada a cabo en el hall central de la C\u00e1mara de Diputados, donde fue colgada la obra. Estuvo presidida por el vicepresidente primero, legislador Eduardo Cabello y acompa\u00f1aron los secretarios Legislativo, Dr. Nicol\u00e1s Alvo, y Administrativo, Dr. Roberto Iglesias. Tambi\u00e9n estuvo presente la autora de la escultura, Mirta Romero.<\/p>\n<p>Durante su discurso, el diputado Cabello expres\u00f3 que \u201ces un orgullo para esta C\u00e1mara contar una destacada artista sanjuanina y su obra\u201d. Seguidamente sostuvo que \u201cteniendo en cuenta que vamos a entrar al Bicentenario a partir del 2021, recuperar el arte, recuperar todo aquello que dice algo a trav\u00e9s de las obras, de las personas que miran, piensan y opinan y que muchas veces nosotros por ignorancia no sabemos el valor que tiene. En este caso, nuestro presidente de la C\u00e1mara, Roberto Gattoni, con mucho entendimiento y capacidad en esto, ha puesto ojo sobre todas las cosas que se han empezado a perder y que tienen un valor hist\u00f3rico y social\u201d.<\/p>\n<p>Para finalizar, \u00a0Mirta Romero agradeci\u00f3 profundamente el recibimiento y la puesta en valor de su obra y expres\u00f3 \u201ces una alegr\u00eda grande para m\u00ed que este clamor, esta fuerza, este grito de libertad y democracia tan sentido por la Argentina est\u00e9 en su lugar. All\u00ed quedar\u00e1 eternamente y eso para m\u00ed es mi mayor placer\u201d.<\/p>\n<p><span style=\"color: #800080;\"><strong>Sobre la artista<\/strong><\/span><\/p>\n<p>Mirta Romero es escultora argentina, nacida en San Juan en 1943. Estudi\u00f3 en la Universidad Nacional de San Juan y egres\u00f3 como Profesora de Artes Pl\u00e1sticas, en 1975. Ejerci\u00f3 la docencia media y superior, 1969\/95.<\/p>\n<p>Ha realizado numerosas muestras individuales en San Juan y algunas en Buenos Aires y ha \u00a0participado en colectivas, simposios y bienales en distintas provincias y pa\u00edses extranjeros.<\/p>\n<p>Recibi\u00f3 varios premios de diversos concurso, entre ellos: Tercer Premio, Sal\u00f3n Cuyano de Artes Pl\u00e1sticas Primavera, San Juan, 1977; Primer Premio, Concurso Expo-Sol\u2019 93, San Juan, 1993; Tercer y Segundo Premio, Sal\u00f3n Vendimia\u2019 99 y Vendimia \u201901, Mendoza.<\/p>\n<p>Represent\u00f3 a la Argentina en importantes festivales internacionales de escultura en hielo y en madera: Grindewald, Suiza; Valloir, Francia; Colorado, EE.UU.; Qu\u00e9bec, Canad\u00e1; Hojer y Oddense, Dinamarca; Kemij\u00e4rvi, Finlandia y obtuvo Primer Premio en el 8\u00ba Simposio Internacional, St. Blasien, Alemania. \u00a0Algunas de sus obras se encuentran en instituciones de San Juan y en la Catedral de Saint Braseen, Alemania.<\/p>\n<\/div>\n","protected":false},"excerpt":{"rendered":"<p>En un emotivo acto fue reinstalada la obra \u201cClamor de Libertad\u201d, una escultura en madera que fue realizada por la<\/p>\n","protected":false},"author":3,"featured_media":34154,"comment_status":"closed","ping_status":"closed","sticky":false,"template":"","format":"standard","meta":{"_acf_changed":false,"_seopress_robots_primary_cat":"none","_seopress_titles_title":"","_seopress_titles_desc":"","_seopress_robots_index":"","colormag_page_container_layout":"default_layout","colormag_page_sidebar_layout":"default_layout","footnotes":""},"categories":[1],"tags":[],"class_list":["post-34148","post","type-post","status-publish","format-standard","has-post-thumbnail","hentry","category-destacadas"],"acf":[],"_links":{"self":[{"href":"https:\/\/vocesparalelas.com.ar\/sitio\/wp-json\/wp\/v2\/posts\/34148","targetHints":{"allow":["GET"]}}],"collection":[{"href":"https:\/\/vocesparalelas.com.ar\/sitio\/wp-json\/wp\/v2\/posts"}],"about":[{"href":"https:\/\/vocesparalelas.com.ar\/sitio\/wp-json\/wp\/v2\/types\/post"}],"author":[{"embeddable":true,"href":"https:\/\/vocesparalelas.com.ar\/sitio\/wp-json\/wp\/v2\/users\/3"}],"replies":[{"embeddable":true,"href":"https:\/\/vocesparalelas.com.ar\/sitio\/wp-json\/wp\/v2\/comments?post=34148"}],"version-history":[{"count":1,"href":"https:\/\/vocesparalelas.com.ar\/sitio\/wp-json\/wp\/v2\/posts\/34148\/revisions"}],"predecessor-version":[{"id":34152,"href":"https:\/\/vocesparalelas.com.ar\/sitio\/wp-json\/wp\/v2\/posts\/34148\/revisions\/34152"}],"wp:featuredmedia":[{"embeddable":true,"href":"https:\/\/vocesparalelas.com.ar\/sitio\/wp-json\/wp\/v2\/media\/34154"}],"wp:attachment":[{"href":"https:\/\/vocesparalelas.com.ar\/sitio\/wp-json\/wp\/v2\/media?parent=34148"}],"wp:term":[{"taxonomy":"category","embeddable":true,"href":"https:\/\/vocesparalelas.com.ar\/sitio\/wp-json\/wp\/v2\/categories?post=34148"},{"taxonomy":"post_tag","embeddable":true,"href":"https:\/\/vocesparalelas.com.ar\/sitio\/wp-json\/wp\/v2\/tags?post=34148"}],"curies":[{"name":"wp","href":"https:\/\/api.w.org\/{rel}","templated":true}]}}