{"id":34116,"date":"2021-01-06T02:05:35","date_gmt":"2021-01-06T05:05:35","guid":{"rendered":"http:\/\/vocesparalelas.com.ar\/sitio\/?p=34116"},"modified":"2021-01-07T22:44:23","modified_gmt":"2021-01-08T01:44:23","slug":"vecinos-del-departamento-rivadavia-agenden-numeros-de-contactos-para-reclamos-por-alumbrado-publico","status":"publish","type":"post","link":"https:\/\/vocesparalelas.com.ar\/sitio\/vecinos-del-departamento-rivadavia-agenden-numeros-de-contactos-para-reclamos-por-alumbrado-publico\/","title":{"rendered":"Vecinos del Departamento Rivadavia agenden n\u00fameros de contactos para reclamos por Alumbrado P\u00fablico"},"content":{"rendered":"<p>La Municipalidad de Rivadavia informa las nuevas l\u00edneas para reclamos por Alumbrado P\u00fablico<\/p>\n<p><strong><span style=\"color: #008080;\">Zona Sur, desde Av. Libertador<\/span><\/strong><\/p>\n<ul>\n<li>L\u00ednea Gratuita: 08003330923<\/li>\n<li>L\u00ednea Fija: 4332414<\/li>\n<li>WhatsApp: 2644435809<\/li>\n<\/ul>\n<p><strong><span style=\"color: #008080;\">Zona Norte, desde Av. Libertador<\/span><\/strong><\/p>\n<ul>\n<li>L\u00ednea Gratuita: 08002225866<\/li>\n<li>L\u00edneas Fijas:4283337\/ 4283767<\/li>\n<\/ul>\n<p><img loading=\"lazy\" decoding=\"async\" class=\"alignnone wp-image-34118 size-full\" src=\"https:\/\/vocesparalelas.com.ar\/sitio\/wp-content\/uploads\/2021\/01\/rivadavia-alumbrado.jpg\" alt=\"\" width=\"800\" height=\"801\" srcset=\"https:\/\/vocesparalelas.com.ar\/sitio\/wp-content\/uploads\/2021\/01\/rivadavia-alumbrado.jpg 800w, https:\/\/vocesparalelas.com.ar\/sitio\/wp-content\/uploads\/2021\/01\/rivadavia-alumbrado-300x300.jpg 300w, https:\/\/vocesparalelas.com.ar\/sitio\/wp-content\/uploads\/2021\/01\/rivadavia-alumbrado-150x150.jpg 150w, https:\/\/vocesparalelas.com.ar\/sitio\/wp-content\/uploads\/2021\/01\/rivadavia-alumbrado-768x769.jpg 768w\" sizes=\"auto, (max-width: 800px) 100vw, 800px\" \/><\/p>\n","protected":false},"excerpt":{"rendered":"<p>La Municipalidad de Rivadavia informa las nuevas l\u00edneas para reclamos por Alumbrado P\u00fablico Zona Sur, desde Av. Libertador L\u00ednea Gratuita:<\/p>\n","protected":false},"author":3,"featured_media":34119,"comment_status":"closed","ping_status":"closed","sticky":false,"template":"","format":"standard","meta":{"_acf_changed":false,"_seopress_robots_primary_cat":"none","_seopress_titles_title":"","_seopress_titles_desc":"","_seopress_robots_index":"","colormag_page_container_layout":"default_layout","colormag_page_sidebar_layout":"default_layout","footnotes":""},"categories":[6],"tags":[],"class_list":["post-34116","post","type-post","status-publish","format-standard","has-post-thumbnail","hentry","category-eventos"],"acf":[],"_links":{"self":[{"href":"https:\/\/vocesparalelas.com.ar\/sitio\/wp-json\/wp\/v2\/posts\/34116","targetHints":{"allow":["GET"]}}],"collection":[{"href":"https:\/\/vocesparalelas.com.ar\/sitio\/wp-json\/wp\/v2\/posts"}],"about":[{"href":"https:\/\/vocesparalelas.com.ar\/sitio\/wp-json\/wp\/v2\/types\/post"}],"author":[{"embeddable":true,"href":"https:\/\/vocesparalelas.com.ar\/sitio\/wp-json\/wp\/v2\/users\/3"}],"replies":[{"embeddable":true,"href":"https:\/\/vocesparalelas.com.ar\/sitio\/wp-json\/wp\/v2\/comments?post=34116"}],"version-history":[{"count":1,"href":"https:\/\/vocesparalelas.com.ar\/sitio\/wp-json\/wp\/v2\/posts\/34116\/revisions"}],"predecessor-version":[{"id":34120,"href":"https:\/\/vocesparalelas.com.ar\/sitio\/wp-json\/wp\/v2\/posts\/34116\/revisions\/34120"}],"wp:featuredmedia":[{"embeddable":true,"href":"https:\/\/vocesparalelas.com.ar\/sitio\/wp-json\/wp\/v2\/media\/34119"}],"wp:attachment":[{"href":"https:\/\/vocesparalelas.com.ar\/sitio\/wp-json\/wp\/v2\/media?parent=34116"}],"wp:term":[{"taxonomy":"category","embeddable":true,"href":"https:\/\/vocesparalelas.com.ar\/sitio\/wp-json\/wp\/v2\/categories?post=34116"},{"taxonomy":"post_tag","embeddable":true,"href":"https:\/\/vocesparalelas.com.ar\/sitio\/wp-json\/wp\/v2\/tags?post=34116"}],"curies":[{"name":"wp","href":"https:\/\/api.w.org\/{rel}","templated":true}]}}