{"id":34101,"date":"2021-01-06T01:43:30","date_gmt":"2021-01-06T04:43:30","guid":{"rendered":"http:\/\/vocesparalelas.com.ar\/sitio\/?p=34101"},"modified":"2021-01-07T01:37:30","modified_gmt":"2021-01-07T04:37:30","slug":"firma-de-convenio-para-que-los-docentes-de-san-juan-agilicen-el-tramite-del-certificado-de-antecedentes-y-la-planilla-prontuarial","status":"publish","type":"post","link":"https:\/\/vocesparalelas.com.ar\/sitio\/firma-de-convenio-para-que-los-docentes-de-san-juan-agilicen-el-tramite-del-certificado-de-antecedentes-y-la-planilla-prontuarial\/","title":{"rendered":"Firma de Convenio para que los docentes de San Juan agilicen el tr\u00e1mite del Certificado de Antecedentes y la Planilla Prontuarial"},"content":{"rendered":"<p>El Martes, 5 de Enero, en la Sala de Reuniones del centro C\u00edvico, el ministro de Educaci\u00f3n del Gobierno de San Juan, Lic. Felipe De Los R\u00edos y el secretario de Seguridad y Orden P\u00fablico, Dr. Carlos Munisaga firmaron un convenio que permite que los docentes pueden tramitar directamente en el Ministerio de Educaci\u00f3n el Certificado de Antecedentes y la Planilla Prontuarial.<\/p>\n<p>Participaron adem\u00e1s del acto el subsecretario de Seguridad Abel Hern\u00e1ndez, la comisario inspector Carina Varas, el comisario Dante Alleva y los secretarios generales de los gremios de UDAP, Prof. Luis Lucero; de UDA Prof. Julio Rosas y de AMET, Prof. Daniel Quiroga y otros funcionarios del gabinete educativo.<\/p>\n<p><img loading=\"lazy\" decoding=\"async\" class=\"alignnone wp-image-34105 size-full\" src=\"https:\/\/vocesparalelas.com.ar\/sitio\/wp-content\/uploads\/2021\/01\/EDUCACION-CON-03.jpg\" alt=\"\" width=\"800\" height=\"533\" srcset=\"https:\/\/vocesparalelas.com.ar\/sitio\/wp-content\/uploads\/2021\/01\/EDUCACION-CON-03.jpg 800w, https:\/\/vocesparalelas.com.ar\/sitio\/wp-content\/uploads\/2021\/01\/EDUCACION-CON-03-300x200.jpg 300w, https:\/\/vocesparalelas.com.ar\/sitio\/wp-content\/uploads\/2021\/01\/EDUCACION-CON-03-768x512.jpg 768w\" sizes=\"auto, (max-width: 800px) 100vw, 800px\" \/><\/p>\n<p><img loading=\"lazy\" decoding=\"async\" class=\"alignnone wp-image-34104 size-full\" src=\"https:\/\/vocesparalelas.com.ar\/sitio\/wp-content\/uploads\/2021\/01\/EDUCACION-CON-02.jpg\" alt=\"\" width=\"800\" height=\"533\" srcset=\"https:\/\/vocesparalelas.com.ar\/sitio\/wp-content\/uploads\/2021\/01\/EDUCACION-CON-02.jpg 800w, https:\/\/vocesparalelas.com.ar\/sitio\/wp-content\/uploads\/2021\/01\/EDUCACION-CON-02-300x200.jpg 300w, https:\/\/vocesparalelas.com.ar\/sitio\/wp-content\/uploads\/2021\/01\/EDUCACION-CON-02-768x512.jpg 768w\" sizes=\"auto, (max-width: 800px) 100vw, 800px\" \/><\/p>\n<p>Luego de la firma del convenio, el secretario de Seguridad y Orden P\u00fablico, Dr. Carlos Munisaga indic\u00f3 que\u00a0\u201cel convenio tiene el objetivo de facilitarles la tarea y el trabajo a los docentes en las distintas instancias de la tramitaci\u00f3n que deben llevar adelante en el Ministerio de Educaci\u00f3n, sabiendo que deben cumplir con la exigencia de la presentaci\u00f3n del Certificado de Antecedentes como se tramita en forma presencial en la Central de Polic\u00eda generalmente a principio de a\u00f1o previo al inicio de clases en febrero a marzo, sumado al resto de los ciudadanos de la provincia que tambi\u00e9n lo requieren en esos meses, generando aglomeraciones y molestias, no solo por los turnos que se extend\u00edan en periodos extensos ocasionando la demora en los tramites que deb\u00edan realizar\u201d.<\/p>\n<p><iframe loading=\"lazy\" title=\"CONVENIO\" width=\"800\" height=\"450\" src=\"https:\/\/www.youtube.com\/embed\/Wjr5VuFLaSQ?feature=oembed\" frameborder=\"0\" allow=\"accelerometer; autoplay; clipboard-write; encrypted-media; gyroscope; picture-in-picture\" allowfullscreen><\/iframe><\/p>\n<p>Posteriormente, el ministro de Educaci\u00f3n del Gobierno de San Juan, Lic. Felipe De Los R\u00edos \u00a0remarc\u00f3 que \u00abes\u00a0un sue\u00f1o que podemos concretar. La pandemia nos dej\u00f3 ense\u00f1anzas, algunas muy crueles; sin embargo el Estado gener\u00f3 pol\u00edticas p\u00fablicas para hacer de la eficiencia y la eficacia una realidad. Esto ayudar\u00e1 a que la Polic\u00eda tenga menos aglomeraci\u00f3n de personas, no se sature y que el ministerio agilice tr\u00e1mites que son inherentes al ingreso o titularizaci\u00f3n, que adem\u00e1s se est\u00e1 terminando el instrumento legal con aportes de los gremios\u201d.<\/p>\n<p><iframe loading=\"lazy\" title=\"CONVENIO\" width=\"800\" height=\"450\" src=\"https:\/\/www.youtube.com\/embed\/z7u0tJijLqw?feature=oembed\" frameborder=\"0\" allow=\"accelerometer; autoplay; clipboard-write; encrypted-media; gyroscope; picture-in-picture\" allowfullscreen><\/iframe><\/p>\n<p>&nbsp;<\/p>\n<p>Voces Paralelas entrevist\u00f3 al Secretario General de UDAP, Prof. Luis Lucero puntualiz\u00f3 que \u00abel convenio\u00a0es muy importante porque agiliza un tr\u00e1mite administrativo que se tornaba complejo y demoroso. Se va dejando la burocracia. Esto ayuda a los docentes que deben transitar por diversas oficinas para cumplir con requisitos necesarios para ingresos, titularizaciones, entre otros. Especialmente en este 2021, que con el retorno a la presencialidad se tendr\u00e1n que realizar numerosas actividades que fueron postergadas por la pandemia\u00bb.<\/p>\n<p><iframe loading=\"lazy\" title=\"CONVENIO\" width=\"800\" height=\"450\" src=\"https:\/\/www.youtube.com\/embed\/b5AxXgJmuqY?feature=oembed\" frameborder=\"0\" allow=\"accelerometer; autoplay; clipboard-write; encrypted-media; gyroscope; picture-in-picture\" allowfullscreen><\/iframe><\/p>\n<p><span style=\"color: #0000ff;\"><strong>Alcances del convenio<\/strong><\/span><\/p>\n<p>Tras el convenio, el Ministerio de Educaci\u00f3n tendr\u00e1 bajo su competencia la forma de ejecutar el tr\u00e1mite de solicitud de Certificado de Antecedentes y Planilla Prontuarial solo a los docentes para agilizar la obtenci\u00f3n de tal documentaci\u00f3n, necesaria y obligatoria, a los fines de la inscripci\u00f3n de los docentes en las distintas Juntas de Clasificaci\u00f3n.<\/p>\n<p>La Secretar\u00eda de Seguridad proveer\u00e1 al Ministerio de Educaci\u00f3n de una clave de acceso al Sistema de Antecedentes de la Polic\u00eda de San Juan, \u00fanica e irrepetible, solamente utilizable por el personal destinado a efectos y autorizado exclusivamente por el Ministro de Educaci\u00f3n.<\/p>\n<p>Los certificados y planillas emitidas por esta oficina solo tendr\u00e1n validez para ser presentadas antes organismos dependientes del Ministerio de Educaci\u00f3n de San Juan.<\/p>\n","protected":false},"excerpt":{"rendered":"<p>El Martes, 5 de Enero, en la Sala de Reuniones del centro C\u00edvico, el ministro de Educaci\u00f3n del Gobierno de<\/p>\n","protected":false},"author":3,"featured_media":34103,"comment_status":"closed","ping_status":"closed","sticky":false,"template":"","format":"video","meta":{"_acf_changed":false,"_seopress_robots_primary_cat":"none","_seopress_titles_title":"","_seopress_titles_desc":"","_seopress_robots_index":"","colormag_page_container_layout":"default_layout","colormag_page_sidebar_layout":"default_layout","footnotes":""},"categories":[5,7],"tags":[],"class_list":["post-34101","post","type-post","status-publish","format-video","has-post-thumbnail","hentry","category-ofrecimientos","category-videos","post_format-post-format-video"],"acf":[],"_links":{"self":[{"href":"https:\/\/vocesparalelas.com.ar\/sitio\/wp-json\/wp\/v2\/posts\/34101","targetHints":{"allow":["GET"]}}],"collection":[{"href":"https:\/\/vocesparalelas.com.ar\/sitio\/wp-json\/wp\/v2\/posts"}],"about":[{"href":"https:\/\/vocesparalelas.com.ar\/sitio\/wp-json\/wp\/v2\/types\/post"}],"author":[{"embeddable":true,"href":"https:\/\/vocesparalelas.com.ar\/sitio\/wp-json\/wp\/v2\/users\/3"}],"replies":[{"embeddable":true,"href":"https:\/\/vocesparalelas.com.ar\/sitio\/wp-json\/wp\/v2\/comments?post=34101"}],"version-history":[{"count":1,"href":"https:\/\/vocesparalelas.com.ar\/sitio\/wp-json\/wp\/v2\/posts\/34101\/revisions"}],"predecessor-version":[{"id":34106,"href":"https:\/\/vocesparalelas.com.ar\/sitio\/wp-json\/wp\/v2\/posts\/34101\/revisions\/34106"}],"wp:featuredmedia":[{"embeddable":true,"href":"https:\/\/vocesparalelas.com.ar\/sitio\/wp-json\/wp\/v2\/media\/34103"}],"wp:attachment":[{"href":"https:\/\/vocesparalelas.com.ar\/sitio\/wp-json\/wp\/v2\/media?parent=34101"}],"wp:term":[{"taxonomy":"category","embeddable":true,"href":"https:\/\/vocesparalelas.com.ar\/sitio\/wp-json\/wp\/v2\/categories?post=34101"},{"taxonomy":"post_tag","embeddable":true,"href":"https:\/\/vocesparalelas.com.ar\/sitio\/wp-json\/wp\/v2\/tags?post=34101"}],"curies":[{"name":"wp","href":"https:\/\/api.w.org\/{rel}","templated":true}]}}