{"id":34097,"date":"2021-01-05T15:03:35","date_gmt":"2021-01-05T18:03:35","guid":{"rendered":"http:\/\/vocesparalelas.com.ar\/sitio\/?p=34097"},"modified":"2021-01-05T15:10:03","modified_gmt":"2021-01-05T18:10:03","slug":"el-frente-gremial-de-la-unsj-manifiesta-su-preocupacion-por-la-demora-en-la-acreditacion-de-los-haberes-por-el-banco-nacion-argentina","status":"publish","type":"post","link":"https:\/\/vocesparalelas.com.ar\/sitio\/el-frente-gremial-de-la-unsj-manifiesta-su-preocupacion-por-la-demora-en-la-acreditacion-de-los-haberes-por-el-banco-nacion-argentina\/","title":{"rendered":"El Frente Gremial de la UNSJ manifiesta su preocupaci\u00f3n por la demora en la acreditaci\u00f3n de los haberes por el Banco Naci\u00f3n Argentina"},"content":{"rendered":"<p>El Frente Gremial de la UNSJ manifiesta que \u201cmostramos nuestra preocupaci\u00f3n por la falta de definici\u00f3n de una fecha concreta para el cobro de nuestros haberes. Es por este motivo que nos encontramos en estado de alerta.<\/p>\n<p>La Secretar\u00eda Administrativo Financiera de la UNSJ hab\u00eda informado, en una primera instancia, que el sueldo correspondiente al mes de diciembre estar\u00eda acreditado antes de fin de a\u00f1o. Luego, modificaron la fecha de acreditaci\u00f3n para la jornada del 5 de Enero.<\/p>\n<p>Sin embargo, el cronograma no se cumpli\u00f3 y, seg\u00fan informaron desde los medios de comunicaci\u00f3n oficiales de la UNSJ, no se puede aventurar una fecha para la acreditaci\u00f3n de los haberes del personal, ya que la entidad bancaria no toma las transferencias de la UNSJ.<\/p>\n<p>Si bien los argumentos esbozados de la demora por la acreditaci\u00f3n est\u00e1n relacionados a motivos exclusivos del Banco Naci\u00f3n, desde el Frente Gremial solicitamos a las autoridades de la UNSJ celeridad en la resoluci\u00f3n del caso, al mismo tiempo que le pedimos que definan una fecha de acreditaci\u00f3n de haberes de los trabajadores y las trabajadoras de la UNSJ\u201d.<\/p>\n<p>#ADICUS #ElGremioUniversitario #FrenteGremialUNSJ #UNSJ<\/p>\n<p>&nbsp;<\/p>\n<p>&nbsp;<\/p>\n","protected":false},"excerpt":{"rendered":"<p>El Frente Gremial de la UNSJ manifiesta que \u201cmostramos nuestra preocupaci\u00f3n por la falta de definici\u00f3n de una fecha concreta<\/p>\n","protected":false},"author":3,"featured_media":15835,"comment_status":"closed","ping_status":"closed","sticky":false,"template":"","format":"standard","meta":{"_acf_changed":false,"_seopress_robots_primary_cat":"none","_seopress_titles_title":"","_seopress_titles_desc":"","_seopress_robots_index":"","colormag_page_container_layout":"default_layout","colormag_page_sidebar_layout":"default_layout","footnotes":""},"categories":[1],"tags":[],"class_list":["post-34097","post","type-post","status-publish","format-standard","has-post-thumbnail","hentry","category-destacadas"],"acf":[],"_links":{"self":[{"href":"https:\/\/vocesparalelas.com.ar\/sitio\/wp-json\/wp\/v2\/posts\/34097","targetHints":{"allow":["GET"]}}],"collection":[{"href":"https:\/\/vocesparalelas.com.ar\/sitio\/wp-json\/wp\/v2\/posts"}],"about":[{"href":"https:\/\/vocesparalelas.com.ar\/sitio\/wp-json\/wp\/v2\/types\/post"}],"author":[{"embeddable":true,"href":"https:\/\/vocesparalelas.com.ar\/sitio\/wp-json\/wp\/v2\/users\/3"}],"replies":[{"embeddable":true,"href":"https:\/\/vocesparalelas.com.ar\/sitio\/wp-json\/wp\/v2\/comments?post=34097"}],"version-history":[{"count":1,"href":"https:\/\/vocesparalelas.com.ar\/sitio\/wp-json\/wp\/v2\/posts\/34097\/revisions"}],"predecessor-version":[{"id":34099,"href":"https:\/\/vocesparalelas.com.ar\/sitio\/wp-json\/wp\/v2\/posts\/34097\/revisions\/34099"}],"wp:featuredmedia":[{"embeddable":true,"href":"https:\/\/vocesparalelas.com.ar\/sitio\/wp-json\/wp\/v2\/media\/15835"}],"wp:attachment":[{"href":"https:\/\/vocesparalelas.com.ar\/sitio\/wp-json\/wp\/v2\/media?parent=34097"}],"wp:term":[{"taxonomy":"category","embeddable":true,"href":"https:\/\/vocesparalelas.com.ar\/sitio\/wp-json\/wp\/v2\/categories?post=34097"},{"taxonomy":"post_tag","embeddable":true,"href":"https:\/\/vocesparalelas.com.ar\/sitio\/wp-json\/wp\/v2\/tags?post=34097"}],"curies":[{"name":"wp","href":"https:\/\/api.w.org\/{rel}","templated":true}]}}