{"id":34094,"date":"2021-01-05T14:54:56","date_gmt":"2021-01-05T17:54:56","guid":{"rendered":"http:\/\/vocesparalelas.com.ar\/sitio\/?p=34094"},"modified":"2021-01-05T14:54:56","modified_gmt":"2021-01-05T17:54:56","slug":"el-banco-nacion-argentina-no-acredito-los-haberes-del-personal-de-la-unsj","status":"publish","type":"post","link":"https:\/\/vocesparalelas.com.ar\/sitio\/el-banco-nacion-argentina-no-acredito-los-haberes-del-personal-de-la-unsj\/","title":{"rendered":"El Banco Naci\u00f3n Argentina no acredit\u00f3 los haberes del personal de la UNSJ"},"content":{"rendered":"<div class=\"row contenido\">\n<div class=\"col-xs-12 col-sm-8\">\n<div class=\"content color-bluegray\">\n<div class=\"body-internal\">\n<div class=\"box-text\">\n<p>El secretario administrativo financiero, CPN Pablo Pad\u00edn, inform\u00f3 que \u00abpese a los esfuerzos realizados por el personal de la UNSJ, que trabaj\u00f3 contra reloj para que se pudiera efectuar en tiempo y forma la liquidaci\u00f3n de haberes, con el bono enviado por la Naci\u00f3n inclusive, no fue posible completar el tr\u00e1mite bancario por razones exclusivamente atribuidas a la entidad bancaria\u00bb.<\/p>\n<figure id=\"attachment_33666\" aria-describedby=\"caption-attachment-33666\" style=\"width: 800px\" class=\"wp-caption alignnone\"><img loading=\"lazy\" decoding=\"async\" class=\"wp-image-33666 size-full\" src=\"https:\/\/vocesparalelas.com.ar\/sitio\/wp-content\/uploads\/2020\/12\/UNSJ-PABLO-PADIN-20.jpg\" alt=\"\" width=\"800\" height=\"533\" srcset=\"https:\/\/vocesparalelas.com.ar\/sitio\/wp-content\/uploads\/2020\/12\/UNSJ-PABLO-PADIN-20.jpg 800w, https:\/\/vocesparalelas.com.ar\/sitio\/wp-content\/uploads\/2020\/12\/UNSJ-PABLO-PADIN-20-300x200.jpg 300w, https:\/\/vocesparalelas.com.ar\/sitio\/wp-content\/uploads\/2020\/12\/UNSJ-PABLO-PADIN-20-768x512.jpg 768w\" sizes=\"auto, (max-width: 800px) 100vw, 800px\" \/><figcaption id=\"caption-attachment-33666\" class=\"wp-caption-text\">Secretario Administrativo Financiero de la UNSJ, CPN Pablo Pad\u00edn<\/figcaption><\/figure>\n<p>Pad\u00edn lament\u00f3 que todo el esfuerzo se vea malogrado por este desentendimiento de los nuevos directivos del Banco. Ante esta situaci\u00f3n y dado que el Banco no toma las transferencias de la UNSJ, por razones desconocidas, no se puede aventurar una fecha para la acreditaci\u00f3n de los haberes del personal.<\/p>\n<\/div>\n<p><img loading=\"lazy\" decoding=\"async\" class=\"alignnone wp-image-23399 size-large\" src=\"https:\/\/vocesparalelas.com.ar\/sitio\/wp-content\/uploads\/2019\/09\/UNSJ-MAQUETA-LOGO-800x600.jpg\" alt=\"\" width=\"800\" height=\"600\" srcset=\"https:\/\/vocesparalelas.com.ar\/sitio\/wp-content\/uploads\/2019\/09\/UNSJ-MAQUETA-LOGO-800x600.jpg 800w, https:\/\/vocesparalelas.com.ar\/sitio\/wp-content\/uploads\/2019\/09\/UNSJ-MAQUETA-LOGO-300x225.jpg 300w, https:\/\/vocesparalelas.com.ar\/sitio\/wp-content\/uploads\/2019\/09\/UNSJ-MAQUETA-LOGO-768x576.jpg 768w, https:\/\/vocesparalelas.com.ar\/sitio\/wp-content\/uploads\/2019\/09\/UNSJ-MAQUETA-LOGO.jpg 1000w\" sizes=\"auto, (max-width: 800px) 100vw, 800px\" \/><\/p>\n<div class=\"box-text\">\n<p>&nbsp;<\/p>\n<\/div>\n<\/div>\n<\/div>\n<\/div>\n<\/div>\n","protected":false},"excerpt":{"rendered":"<p>El secretario administrativo financiero, CPN Pablo Pad\u00edn, inform\u00f3 que \u00abpese a los esfuerzos realizados por el personal de la UNSJ,<\/p>\n","protected":false},"author":3,"featured_media":26443,"comment_status":"closed","ping_status":"closed","sticky":false,"template":"","format":"standard","meta":{"_acf_changed":false,"_seopress_robots_primary_cat":"none","_seopress_titles_title":"","_seopress_titles_desc":"","_seopress_robots_index":"","colormag_page_container_layout":"default_layout","colormag_page_sidebar_layout":"default_layout","footnotes":""},"categories":[1],"tags":[],"class_list":["post-34094","post","type-post","status-publish","format-standard","has-post-thumbnail","hentry","category-destacadas"],"acf":[],"_links":{"self":[{"href":"https:\/\/vocesparalelas.com.ar\/sitio\/wp-json\/wp\/v2\/posts\/34094","targetHints":{"allow":["GET"]}}],"collection":[{"href":"https:\/\/vocesparalelas.com.ar\/sitio\/wp-json\/wp\/v2\/posts"}],"about":[{"href":"https:\/\/vocesparalelas.com.ar\/sitio\/wp-json\/wp\/v2\/types\/post"}],"author":[{"embeddable":true,"href":"https:\/\/vocesparalelas.com.ar\/sitio\/wp-json\/wp\/v2\/users\/3"}],"replies":[{"embeddable":true,"href":"https:\/\/vocesparalelas.com.ar\/sitio\/wp-json\/wp\/v2\/comments?post=34094"}],"version-history":[{"count":1,"href":"https:\/\/vocesparalelas.com.ar\/sitio\/wp-json\/wp\/v2\/posts\/34094\/revisions"}],"predecessor-version":[{"id":34096,"href":"https:\/\/vocesparalelas.com.ar\/sitio\/wp-json\/wp\/v2\/posts\/34094\/revisions\/34096"}],"wp:featuredmedia":[{"embeddable":true,"href":"https:\/\/vocesparalelas.com.ar\/sitio\/wp-json\/wp\/v2\/media\/26443"}],"wp:attachment":[{"href":"https:\/\/vocesparalelas.com.ar\/sitio\/wp-json\/wp\/v2\/media?parent=34094"}],"wp:term":[{"taxonomy":"category","embeddable":true,"href":"https:\/\/vocesparalelas.com.ar\/sitio\/wp-json\/wp\/v2\/categories?post=34094"},{"taxonomy":"post_tag","embeddable":true,"href":"https:\/\/vocesparalelas.com.ar\/sitio\/wp-json\/wp\/v2\/tags?post=34094"}],"curies":[{"name":"wp","href":"https:\/\/api.w.org\/{rel}","templated":true}]}}