{"id":34084,"date":"2021-01-05T00:01:13","date_gmt":"2021-01-05T03:01:13","guid":{"rendered":"http:\/\/vocesparalelas.com.ar\/sitio\/?p=34084"},"modified":"2021-01-06T22:47:49","modified_gmt":"2021-01-07T01:47:49","slug":"cronograma-de-entrega-de-kits-para-las-colonias-verano-en-casa-en-el-departamento-rivadavia","status":"publish","type":"post","link":"https:\/\/vocesparalelas.com.ar\/sitio\/cronograma-de-entrega-de-kits-para-las-colonias-verano-en-casa-en-el-departamento-rivadavia\/","title":{"rendered":"Cronograma de entrega de kits para las colonias \u201cverano en casa\u201d en el Departamento Rivadavia"},"content":{"rendered":"<p>La Municipalidad de Rivadavia informa el cronograma de entrega de kits para quienes participan de las colonias \u201cVerano en casa\u201d.<\/p>\n<p>La misma se realiza a partir del Martes, 5 de Enero, de 8 a 13 hs.; en el Polideportivo del Parque de Rivadavia.<\/p>\n<p><strong><span style=\"color: #008000;\">Importante<\/span><\/strong><\/p>\n<p>Al momento de retirar los kits se debe presentar el DNI de la persona inscripta.<\/p>\n<p><span style=\"color: #008000;\"><strong>Cronograma<\/strong><\/span><\/p>\n<ul>\n<li>Martes 05 de Enero, Ni\u00f1os y Ni\u00f1as de 6 y 7 a\u00f1os.<\/li>\n<li>Mi\u00e9rcoles, 06 de Enero, Ni\u00f1os y Ni\u00f1as de 8 y 9 a\u00f1os.<\/li>\n<li>Jueves, 07 de Enero, Ni\u00f1os y Ni\u00f1as de 10 y 11 a\u00f1os.<\/li>\n<li>Viernes, 08 de Enero, Adultos Mayores y Personas con discapacidad.<\/li>\n<li>Viernes, 08 de Enero, de 10 a 13 hs.; Ni\u00f1os y Ni\u00f1as de \u00a0de 12 a\u00f1os.<\/li>\n<\/ul>\n<p><img loading=\"lazy\" decoding=\"async\" class=\"alignnone wp-image-15197 size-large\" src=\"https:\/\/vocesparalelas.com.ar\/sitio\/wp-content\/uploads\/2018\/09\/PARQUE-DE-RIVADAVIA-01-800x600.jpg\" alt=\"\" width=\"800\" height=\"600\" srcset=\"https:\/\/vocesparalelas.com.ar\/sitio\/wp-content\/uploads\/2018\/09\/PARQUE-DE-RIVADAVIA-01-800x600.jpg 800w, https:\/\/vocesparalelas.com.ar\/sitio\/wp-content\/uploads\/2018\/09\/PARQUE-DE-RIVADAVIA-01-300x225.jpg 300w, https:\/\/vocesparalelas.com.ar\/sitio\/wp-content\/uploads\/2018\/09\/PARQUE-DE-RIVADAVIA-01-768x576.jpg 768w, https:\/\/vocesparalelas.com.ar\/sitio\/wp-content\/uploads\/2018\/09\/PARQUE-DE-RIVADAVIA-01.jpg 1000w\" sizes=\"auto, (max-width: 800px) 100vw, 800px\" \/><\/p>\n<p>&nbsp;<\/p>\n","protected":false},"excerpt":{"rendered":"<p>La Municipalidad de Rivadavia informa el cronograma de entrega de kits para quienes participan de las colonias \u201cVerano en casa\u201d.<\/p>\n","protected":false},"author":3,"featured_media":34081,"comment_status":"closed","ping_status":"closed","sticky":false,"template":"","format":"standard","meta":{"_acf_changed":false,"_seopress_robots_primary_cat":"none","_seopress_titles_title":"","_seopress_titles_desc":"","_seopress_robots_index":"","colormag_page_container_layout":"default_layout","colormag_page_sidebar_layout":"default_layout","footnotes":""},"categories":[6],"tags":[],"class_list":["post-34084","post","type-post","status-publish","format-standard","has-post-thumbnail","hentry","category-eventos"],"acf":[],"_links":{"self":[{"href":"https:\/\/vocesparalelas.com.ar\/sitio\/wp-json\/wp\/v2\/posts\/34084","targetHints":{"allow":["GET"]}}],"collection":[{"href":"https:\/\/vocesparalelas.com.ar\/sitio\/wp-json\/wp\/v2\/posts"}],"about":[{"href":"https:\/\/vocesparalelas.com.ar\/sitio\/wp-json\/wp\/v2\/types\/post"}],"author":[{"embeddable":true,"href":"https:\/\/vocesparalelas.com.ar\/sitio\/wp-json\/wp\/v2\/users\/3"}],"replies":[{"embeddable":true,"href":"https:\/\/vocesparalelas.com.ar\/sitio\/wp-json\/wp\/v2\/comments?post=34084"}],"version-history":[{"count":1,"href":"https:\/\/vocesparalelas.com.ar\/sitio\/wp-json\/wp\/v2\/posts\/34084\/revisions"}],"predecessor-version":[{"id":34086,"href":"https:\/\/vocesparalelas.com.ar\/sitio\/wp-json\/wp\/v2\/posts\/34084\/revisions\/34086"}],"wp:featuredmedia":[{"embeddable":true,"href":"https:\/\/vocesparalelas.com.ar\/sitio\/wp-json\/wp\/v2\/media\/34081"}],"wp:attachment":[{"href":"https:\/\/vocesparalelas.com.ar\/sitio\/wp-json\/wp\/v2\/media?parent=34084"}],"wp:term":[{"taxonomy":"category","embeddable":true,"href":"https:\/\/vocesparalelas.com.ar\/sitio\/wp-json\/wp\/v2\/categories?post=34084"},{"taxonomy":"post_tag","embeddable":true,"href":"https:\/\/vocesparalelas.com.ar\/sitio\/wp-json\/wp\/v2\/tags?post=34084"}],"curies":[{"name":"wp","href":"https:\/\/api.w.org\/{rel}","templated":true}]}}