{"id":34077,"date":"2021-01-04T23:38:51","date_gmt":"2021-01-05T02:38:51","guid":{"rendered":"http:\/\/vocesparalelas.com.ar\/sitio\/?p=34077"},"modified":"2021-01-07T12:53:24","modified_gmt":"2021-01-07T15:53:24","slug":"comienza-el-programa-provincial-verano-en-casa-en-san-juan","status":"publish","type":"post","link":"https:\/\/vocesparalelas.com.ar\/sitio\/comienza-el-programa-provincial-verano-en-casa-en-san-juan\/","title":{"rendered":"Comienza el programa provincial \u00abVerano en Casa\u00bb en San Juan"},"content":{"rendered":"<p>Las colonias de verano sufrieron, producto de la pandemia del COVID -19, una modificaci\u00f3n dentro de su habitual forma de realizarse.<\/p>\n<p>La imposibilidad de mantener contacto f\u00edsico y cercan\u00eda imped\u00edan la idea de llevarla a cabo de manera presencial. Por eso, el Ministerio de Desarrollo Humano y Promoci\u00f3n Social del Gobierno de San Juan, pone en marcha el programa televisivo \u201cVerano en Casa\u201d.<\/p>\n<p>El mismo busca contener, entretener y educar en distintas \u00e1reas recreativas, deportivas y culturales, a ni\u00f1as y ni\u00f1os de 6 a 12 a\u00f1os, adultos mayores y personas con discapacidad de toda la provincia a trav\u00e9s de la pantalla de CuidarTv, Canal 8, Canal 5 y Canal 4, de Lunes a Jueves, de 10 a 11 horas.<\/p>\n<p><img loading=\"lazy\" decoding=\"async\" class=\"alignnone wp-image-34079 size-full\" src=\"https:\/\/vocesparalelas.com.ar\/sitio\/wp-content\/uploads\/2021\/01\/vacaciones-en-casa-01.jpg\" alt=\"\" width=\"800\" height=\"533\" srcset=\"https:\/\/vocesparalelas.com.ar\/sitio\/wp-content\/uploads\/2021\/01\/vacaciones-en-casa-01.jpg 800w, https:\/\/vocesparalelas.com.ar\/sitio\/wp-content\/uploads\/2021\/01\/vacaciones-en-casa-01-300x200.jpg 300w, https:\/\/vocesparalelas.com.ar\/sitio\/wp-content\/uploads\/2021\/01\/vacaciones-en-casa-01-768x512.jpg 768w\" sizes=\"auto, (max-width: 800px) 100vw, 800px\" \/><\/p>\n<p>Al respecto, el ministro de Desarrollo Humano y Promoci\u00f3n Social del Gobierno de San Juan, Prof. Fabian Aballay agradeci\u00f3 a todos los intendentes por sumarse y trabajar articuladamente con pol\u00edticas p\u00fablicas destinadas a todos los chicos de San Juan.<\/p>\n<p>\u00abHoy tenemos alrededor de 18.000 chicos que est\u00e1n inscriptos, unas 500 personas con discapacidad, casi 1500 adultos mayores y m\u00e1s de 80 centros, con los cuales vamos a interactuar en la Provincia de San Juan. Todos ellos ser\u00e1n parte de esta nueva propuesta de Verano en Casa\u00bb.<\/p>\n<p>\u201cLa pandemia modific\u00f3 considerablemente muchos de los proyectos u objetivos que ten\u00edamos pensados desarrollar pero gener\u00f3 que los equipos se pusieran a trabajar inmediatamente en alg\u00fan tipo de alternativa. Tal fue el caso de \u201cMundoSaurio\u201d un programa que lanzamos desde la Direcci\u00f3n de Ni\u00f1ez, acaparando la atenci\u00f3n de todos los chicos. El Gobierno de la Provincia dentro de sus pol\u00edticas p\u00fablicas nos impulsa a pensar en todos y para todos; esta propuesta est\u00e1 pensada no solo para los m\u00e1s peque\u00f1os sino para toda la familia\u201d, agreg\u00f3 Aballay.<\/p>\n<p>Por su parte el secretario de Promoci\u00f3n Social, Lucio Gonz\u00e1lez dijo que \u201cdesde que iniciamos nuestra gesti\u00f3n, el ministro Fabi\u00e1n Aballay nos propuso trabajar en equipo pensando en nuevas pol\u00edticas y en aquellas que ya se ven\u00edan implementando, pero necesitaban un mayor alcance. La realidad actual nos llev\u00f3 a profundizar esos lazos, adapt\u00e1ndonos a este nuevo contexto y a esta nueva realidad\u201d.<\/p>\n<p>\u201cEl ministerio apost\u00f3 a un programa que hoy da inicio apuntando a la recreaci\u00f3n. Hemos trabajado en el dise\u00f1o de un desaf\u00edo, un desaf\u00edo que este a\u00f1o pasado ha sido el eje com\u00fan de todos, del Estado provincial, de los municipios y de la vida misma de todas las personas, que tuvimos que readaptarnos, redise\u00f1ar. Y en este sentido estuvo la decisi\u00f3n pol\u00edtica de dise\u00f1ar algo nuevo, parecido a aquello que durante a\u00f1os ha sido una insignia en San Juan visto a nivel nacional como un ejemplo y as\u00ed naci\u00f3 Verano en Casa\u00bb, expres\u00f3 el subsecretario de Articulaci\u00f3n y Abordaje Territorial, Cristian Morales.<\/p>\n<p>Igualmente, el director de Pol\u00edticas Alimentarias, Horacio Pelaitay expres\u00f3 que \u00abagradezco al ministro Fabian Aballay, al secretario Lucio Gonz\u00e1lez y al subsecretario de Articulaci\u00f3n y Abordaje Territorial Cristian Morales, por poder realizar este Programa y el lanzamiento en cada uno de los municipios. Gesti\u00f3n que hemos coordinado con los Intendentes, con los referentes municipales y al equipo de la Direcci\u00f3n de Pol\u00edticas Alimentarias, que est\u00e1 trabajando desde hace un tiempo largo para poder desarrollar esta actividad. Una actividad articulada por varios actores que hacen posible este programa\u201d.<\/p>\n<p>Acompa\u00f1aron al ministro Fabian Aballay; los intendentes de Pocito, Armando S\u00e1nchez; de Albard\u00f3n, Jorge Palmero; de Angaco, Carlos Maza Pezze; de Chimbas, Fabi\u00e1n Gramajo; de Rawson, Rub\u00e9n Garc\u00eda y de San Mart\u00edn, Cristian Andino; la diputada provincial Marcela Montti; el secretario de Promoci\u00f3n Social, Lucio Gonz\u00e1lez; el subsecretario de Articulaci\u00f3n y Abordaje Territorial, Cristian Morales; el subsecretario de Promoci\u00f3n, Protecci\u00f3n y Desarrollo Social, Marcos Andino; el director de Pol\u00edticas Alimentarias, Horacio Pelaytay; la directora de Personas con Discapacidad, Andrea Lepez; la directora de Mutualidades, Paula Caballero; el presidente del Concejo Deliberante de Pocito, Jos\u00e9 Funes; entre otras autoridades y equipo t\u00e9cnico del \u00e1rea.<\/p>\n<p><img loading=\"lazy\" decoding=\"async\" class=\"alignnone wp-image-34080 size-full\" src=\"https:\/\/vocesparalelas.com.ar\/sitio\/wp-content\/uploads\/2021\/01\/vacaciones-en-casa-02.jpg\" alt=\"\" width=\"800\" height=\"533\" srcset=\"https:\/\/vocesparalelas.com.ar\/sitio\/wp-content\/uploads\/2021\/01\/vacaciones-en-casa-02.jpg 800w, https:\/\/vocesparalelas.com.ar\/sitio\/wp-content\/uploads\/2021\/01\/vacaciones-en-casa-02-300x200.jpg 300w, https:\/\/vocesparalelas.com.ar\/sitio\/wp-content\/uploads\/2021\/01\/vacaciones-en-casa-02-768x512.jpg 768w\" sizes=\"auto, (max-width: 800px) 100vw, 800px\" \/><\/p>\n<p>&nbsp;<\/p>\n","protected":false},"excerpt":{"rendered":"<p>Las colonias de verano sufrieron, producto de la pandemia del COVID -19, una modificaci\u00f3n dentro de su habitual forma de<\/p>\n","protected":false},"author":3,"featured_media":34082,"comment_status":"closed","ping_status":"closed","sticky":false,"template":"","format":"standard","meta":{"_acf_changed":false,"_seopress_robots_primary_cat":"none","_seopress_titles_title":"","_seopress_titles_desc":"","_seopress_robots_index":"","colormag_page_container_layout":"default_layout","colormag_page_sidebar_layout":"default_layout","footnotes":""},"categories":[20],"tags":[],"class_list":["post-34077","post","type-post","status-publish","format-standard","has-post-thumbnail","hentry","category-cartelera"],"acf":[],"_links":{"self":[{"href":"https:\/\/vocesparalelas.com.ar\/sitio\/wp-json\/wp\/v2\/posts\/34077","targetHints":{"allow":["GET"]}}],"collection":[{"href":"https:\/\/vocesparalelas.com.ar\/sitio\/wp-json\/wp\/v2\/posts"}],"about":[{"href":"https:\/\/vocesparalelas.com.ar\/sitio\/wp-json\/wp\/v2\/types\/post"}],"author":[{"embeddable":true,"href":"https:\/\/vocesparalelas.com.ar\/sitio\/wp-json\/wp\/v2\/users\/3"}],"replies":[{"embeddable":true,"href":"https:\/\/vocesparalelas.com.ar\/sitio\/wp-json\/wp\/v2\/comments?post=34077"}],"version-history":[{"count":1,"href":"https:\/\/vocesparalelas.com.ar\/sitio\/wp-json\/wp\/v2\/posts\/34077\/revisions"}],"predecessor-version":[{"id":34083,"href":"https:\/\/vocesparalelas.com.ar\/sitio\/wp-json\/wp\/v2\/posts\/34077\/revisions\/34083"}],"wp:featuredmedia":[{"embeddable":true,"href":"https:\/\/vocesparalelas.com.ar\/sitio\/wp-json\/wp\/v2\/media\/34082"}],"wp:attachment":[{"href":"https:\/\/vocesparalelas.com.ar\/sitio\/wp-json\/wp\/v2\/media?parent=34077"}],"wp:term":[{"taxonomy":"category","embeddable":true,"href":"https:\/\/vocesparalelas.com.ar\/sitio\/wp-json\/wp\/v2\/categories?post=34077"},{"taxonomy":"post_tag","embeddable":true,"href":"https:\/\/vocesparalelas.com.ar\/sitio\/wp-json\/wp\/v2\/tags?post=34077"}],"curies":[{"name":"wp","href":"https:\/\/api.w.org\/{rel}","templated":true}]}}