{"id":34064,"date":"2021-01-03T23:07:10","date_gmt":"2021-01-04T02:07:10","guid":{"rendered":"http:\/\/vocesparalelas.com.ar\/sitio\/?p=34064"},"modified":"2021-01-03T23:07:10","modified_gmt":"2021-01-04T02:07:10","slug":"los-docentes-interinos-de-la-unsj-en-cumplimiento-al-articulo-73-del-convenio-colectivo-de-trabajo-ingresan-a-cargos-regulares","status":"publish","type":"post","link":"https:\/\/vocesparalelas.com.ar\/sitio\/los-docentes-interinos-de-la-unsj-en-cumplimiento-al-articulo-73-del-convenio-colectivo-de-trabajo-ingresan-a-cargos-regulares\/","title":{"rendered":"Los docentes interinos de la UNSJ en cumplimiento al Art\u00edculo 73 del Convenio Colectivo de Trabajo ingresan a cargos regulares"},"content":{"rendered":"<p>El Lunes, 28 de Diciembre, se reuni\u00f3 la Paritaria Docente Local de la UNSJ en la cual participaron los miembros paritarios por ADICUS.<\/p>\n<p>En la misma se acord\u00f3 \u201cdejar sin efecto los coloquios que instrument\u00f3 la regularizaci\u00f3n de los docentes en cumplimiento con el Art\u00edculo 73 del Convenio Colectivo de Trabajo. Con esta decisi\u00f3n, se ha logrado el ingreso directo de los docentes interinos a cargos regulares\u201d.<\/p>\n<p>Esta es una conquista significativa en la historia de lucha de ADICUS. Es que la regularizaci\u00f3n directa es un reclamo hist\u00f3rico por parte del Gremio que, en el d\u00eda de hoy, podemos decir con orgullo que es una realidad para la docencia universitaria y preuniversitaria de la Universidad Nacional de San Juan.<\/p>\n<p>En la pr\u00f3xima reuni\u00f3n paritaria, programada para el 02 de febrero de 2021, se establecer\u00e1n los mecanismos y requisitos para el tan esperado ingreso directo.<\/p>\n<p>#ADICUS #ElGremioUniversitario #IngresoDirecto #Regularizaci\u00f3nDocente #ParitariaLocal #UNSJ<\/p>\n<p>&nbsp;<\/p>\n<p>&nbsp;<\/p>\n<p><img loading=\"lazy\" decoding=\"async\" class=\"alignnone wp-image-34066 size-full\" src=\"https:\/\/vocesparalelas.com.ar\/sitio\/wp-content\/uploads\/2021\/01\/ADICUS-INGRESO-10.jpg\" alt=\"\" width=\"800\" height=\"800\" srcset=\"https:\/\/vocesparalelas.com.ar\/sitio\/wp-content\/uploads\/2021\/01\/ADICUS-INGRESO-10.jpg 800w, https:\/\/vocesparalelas.com.ar\/sitio\/wp-content\/uploads\/2021\/01\/ADICUS-INGRESO-10-300x300.jpg 300w, https:\/\/vocesparalelas.com.ar\/sitio\/wp-content\/uploads\/2021\/01\/ADICUS-INGRESO-10-150x150.jpg 150w, https:\/\/vocesparalelas.com.ar\/sitio\/wp-content\/uploads\/2021\/01\/ADICUS-INGRESO-10-768x768.jpg 768w\" sizes=\"auto, (max-width: 800px) 100vw, 800px\" \/><\/p>\n","protected":false},"excerpt":{"rendered":"<p>El Lunes, 28 de Diciembre, se reuni\u00f3 la Paritaria Docente Local de la UNSJ en la cual participaron los miembros<\/p>\n","protected":false},"author":3,"featured_media":12481,"comment_status":"closed","ping_status":"closed","sticky":false,"template":"","format":"standard","meta":{"_acf_changed":false,"_seopress_robots_primary_cat":"none","_seopress_titles_title":"","_seopress_titles_desc":"","_seopress_robots_index":"","colormag_page_container_layout":"default_layout","colormag_page_sidebar_layout":"default_layout","footnotes":""},"categories":[1],"tags":[],"class_list":["post-34064","post","type-post","status-publish","format-standard","has-post-thumbnail","hentry","category-destacadas"],"acf":[],"_links":{"self":[{"href":"https:\/\/vocesparalelas.com.ar\/sitio\/wp-json\/wp\/v2\/posts\/34064","targetHints":{"allow":["GET"]}}],"collection":[{"href":"https:\/\/vocesparalelas.com.ar\/sitio\/wp-json\/wp\/v2\/posts"}],"about":[{"href":"https:\/\/vocesparalelas.com.ar\/sitio\/wp-json\/wp\/v2\/types\/post"}],"author":[{"embeddable":true,"href":"https:\/\/vocesparalelas.com.ar\/sitio\/wp-json\/wp\/v2\/users\/3"}],"replies":[{"embeddable":true,"href":"https:\/\/vocesparalelas.com.ar\/sitio\/wp-json\/wp\/v2\/comments?post=34064"}],"version-history":[{"count":1,"href":"https:\/\/vocesparalelas.com.ar\/sitio\/wp-json\/wp\/v2\/posts\/34064\/revisions"}],"predecessor-version":[{"id":34067,"href":"https:\/\/vocesparalelas.com.ar\/sitio\/wp-json\/wp\/v2\/posts\/34064\/revisions\/34067"}],"wp:featuredmedia":[{"embeddable":true,"href":"https:\/\/vocesparalelas.com.ar\/sitio\/wp-json\/wp\/v2\/media\/12481"}],"wp:attachment":[{"href":"https:\/\/vocesparalelas.com.ar\/sitio\/wp-json\/wp\/v2\/media?parent=34064"}],"wp:term":[{"taxonomy":"category","embeddable":true,"href":"https:\/\/vocesparalelas.com.ar\/sitio\/wp-json\/wp\/v2\/categories?post=34064"},{"taxonomy":"post_tag","embeddable":true,"href":"https:\/\/vocesparalelas.com.ar\/sitio\/wp-json\/wp\/v2\/tags?post=34064"}],"curies":[{"name":"wp","href":"https:\/\/api.w.org\/{rel}","templated":true}]}}