{"id":34047,"date":"2021-01-02T14:46:44","date_gmt":"2021-01-02T17:46:44","guid":{"rendered":"http:\/\/vocesparalelas.com.ar\/sitio\/?p=34047"},"modified":"2021-01-05T00:51:04","modified_gmt":"2021-01-05T03:51:04","slug":"muestra-el-arte-de-celebrar","status":"publish","type":"post","link":"https:\/\/vocesparalelas.com.ar\/sitio\/muestra-el-arte-de-celebrar\/","title":{"rendered":"Muestra \u201cEl arte de celebrar\u201d"},"content":{"rendered":"<p>A lo largo de la historia, la vida se llena de buenos y malos momentos. En ese contexto, la celebraci\u00f3n forma parte de la realidad humana en la cual siempre hay algo para compartir. De esto trata la nueva muestra \u201cEl arte de celebrar\u201d que propone el Museo Hist\u00f3rico Provincial Agust\u00edn Gnecco, integrada por n\u00facleos tem\u00e1ticos compuestos por diferentes objetos que muestran las diversas formas de celebrar a trav\u00e9s del tiempo.<\/p>\n<p>Si bien estos n\u00facleos pueden tener una mirada temporal, relatan momentos y situaciones \u00edntimas que atrapan al espectador.<\/p>\n<p>El arte de celebrar no depende de tener mucho o poco, consiste solo en el disfrute de cada momento de la vida. A trav\u00e9s de la perdurabilidad de las im\u00e1genes, se invita a un recorrido que va desde lo simple hasta lo complejo, desde lo sacro hasta lo profano y desde lo humano hasta lo divino.<\/p>\n<p>El p\u00fablico puede visitar la muestra de lunes a viernes de 9 a 13, con entrada libre y gratuita y estar\u00e1 disponible hasta marzo del pr\u00f3ximo a\u00f1o.<\/p>\n<p>Los cupos son limitados y el recorrido se realiza bajo estricto protocolo. Para m\u00e1s informaci\u00f3n, llamar al 4229638.<\/p>\n","protected":false},"excerpt":{"rendered":"<p>A lo largo de la historia, la vida se llena de buenos y malos momentos. En ese contexto, la celebraci\u00f3n<\/p>\n","protected":false},"author":3,"featured_media":7270,"comment_status":"closed","ping_status":"closed","sticky":false,"template":"","format":"standard","meta":{"_acf_changed":false,"_seopress_robots_primary_cat":"none","_seopress_titles_title":"","_seopress_titles_desc":"","_seopress_robots_index":"","colormag_page_container_layout":"default_layout","colormag_page_sidebar_layout":"default_layout","footnotes":""},"categories":[20],"tags":[],"class_list":["post-34047","post","type-post","status-publish","format-standard","has-post-thumbnail","hentry","category-cartelera"],"acf":[],"_links":{"self":[{"href":"https:\/\/vocesparalelas.com.ar\/sitio\/wp-json\/wp\/v2\/posts\/34047","targetHints":{"allow":["GET"]}}],"collection":[{"href":"https:\/\/vocesparalelas.com.ar\/sitio\/wp-json\/wp\/v2\/posts"}],"about":[{"href":"https:\/\/vocesparalelas.com.ar\/sitio\/wp-json\/wp\/v2\/types\/post"}],"author":[{"embeddable":true,"href":"https:\/\/vocesparalelas.com.ar\/sitio\/wp-json\/wp\/v2\/users\/3"}],"replies":[{"embeddable":true,"href":"https:\/\/vocesparalelas.com.ar\/sitio\/wp-json\/wp\/v2\/comments?post=34047"}],"version-history":[{"count":1,"href":"https:\/\/vocesparalelas.com.ar\/sitio\/wp-json\/wp\/v2\/posts\/34047\/revisions"}],"predecessor-version":[{"id":34049,"href":"https:\/\/vocesparalelas.com.ar\/sitio\/wp-json\/wp\/v2\/posts\/34047\/revisions\/34049"}],"wp:featuredmedia":[{"embeddable":true,"href":"https:\/\/vocesparalelas.com.ar\/sitio\/wp-json\/wp\/v2\/media\/7270"}],"wp:attachment":[{"href":"https:\/\/vocesparalelas.com.ar\/sitio\/wp-json\/wp\/v2\/media?parent=34047"}],"wp:term":[{"taxonomy":"category","embeddable":true,"href":"https:\/\/vocesparalelas.com.ar\/sitio\/wp-json\/wp\/v2\/categories?post=34047"},{"taxonomy":"post_tag","embeddable":true,"href":"https:\/\/vocesparalelas.com.ar\/sitio\/wp-json\/wp\/v2\/tags?post=34047"}],"curies":[{"name":"wp","href":"https:\/\/api.w.org\/{rel}","templated":true}]}}