{"id":34044,"date":"2021-01-02T13:55:02","date_gmt":"2021-01-02T16:55:02","guid":{"rendered":"http:\/\/vocesparalelas.com.ar\/sitio\/?p=34044"},"modified":"2021-01-05T00:49:55","modified_gmt":"2021-01-05T03:49:55","slug":"ciclo-virtual-conociendo-las-bibliotecas-populares","status":"publish","type":"post","link":"https:\/\/vocesparalelas.com.ar\/sitio\/ciclo-virtual-conociendo-las-bibliotecas-populares\/","title":{"rendered":"Ciclo virtual \u201cConociendo las Bibliotecas Populares\u201d"},"content":{"rendered":"<p>El Ministerio de Turismo y Cultura del Gobierno de San Juan lanza el ciclo virtual \u201cConociendo las Bibliotecas Populares\u201d para visibilizar el trabajo y la historia de cada instituci\u00f3n. Los integrantes de las mismas dar\u00e1n los detalles de las actividades culturales que generan, la bibliograf\u00eda con la que cuentan y c\u00f3mo se adaptaron a los nuevos tiempos para que la comunidad se acerca a ellas.<\/p>\n<p>Lejos qued\u00f3 aquella versi\u00f3n de que las bibliotecas albergan libros viejos; actualmente estas instituciones promovidas por un grupo de vecinos se han convertido en verdaderos centros de desarrollo cultural. As\u00ed, brindan un espacio a las inquietudes de sus miembros, socios y vecinos que quieren aportar desde sus conocimientos actividades que generan movimientos culturales en la instituci\u00f3n.<\/p>\n<p>&nbsp;<\/p>\n<p>&nbsp;<\/p>\n<p>&nbsp;<\/p>\n<p>&nbsp;<\/p>\n<p>&nbsp;<\/p>\n<p>&nbsp;<\/p>\n<p>&nbsp;<\/p>\n","protected":false},"excerpt":{"rendered":"<p>El Ministerio de Turismo y Cultura del Gobierno de San Juan lanza el ciclo virtual \u201cConociendo las Bibliotecas Populares\u201d para<\/p>\n","protected":false},"author":3,"featured_media":12718,"comment_status":"closed","ping_status":"closed","sticky":false,"template":"","format":"standard","meta":{"_acf_changed":false,"_seopress_robots_primary_cat":"none","_seopress_titles_title":"","_seopress_titles_desc":"","_seopress_robots_index":"","colormag_page_container_layout":"default_layout","colormag_page_sidebar_layout":"default_layout","footnotes":""},"categories":[20],"tags":[],"class_list":["post-34044","post","type-post","status-publish","format-standard","has-post-thumbnail","hentry","category-cartelera"],"acf":[],"_links":{"self":[{"href":"https:\/\/vocesparalelas.com.ar\/sitio\/wp-json\/wp\/v2\/posts\/34044","targetHints":{"allow":["GET"]}}],"collection":[{"href":"https:\/\/vocesparalelas.com.ar\/sitio\/wp-json\/wp\/v2\/posts"}],"about":[{"href":"https:\/\/vocesparalelas.com.ar\/sitio\/wp-json\/wp\/v2\/types\/post"}],"author":[{"embeddable":true,"href":"https:\/\/vocesparalelas.com.ar\/sitio\/wp-json\/wp\/v2\/users\/3"}],"replies":[{"embeddable":true,"href":"https:\/\/vocesparalelas.com.ar\/sitio\/wp-json\/wp\/v2\/comments?post=34044"}],"version-history":[{"count":1,"href":"https:\/\/vocesparalelas.com.ar\/sitio\/wp-json\/wp\/v2\/posts\/34044\/revisions"}],"predecessor-version":[{"id":34046,"href":"https:\/\/vocesparalelas.com.ar\/sitio\/wp-json\/wp\/v2\/posts\/34044\/revisions\/34046"}],"wp:featuredmedia":[{"embeddable":true,"href":"https:\/\/vocesparalelas.com.ar\/sitio\/wp-json\/wp\/v2\/media\/12718"}],"wp:attachment":[{"href":"https:\/\/vocesparalelas.com.ar\/sitio\/wp-json\/wp\/v2\/media?parent=34044"}],"wp:term":[{"taxonomy":"category","embeddable":true,"href":"https:\/\/vocesparalelas.com.ar\/sitio\/wp-json\/wp\/v2\/categories?post=34044"},{"taxonomy":"post_tag","embeddable":true,"href":"https:\/\/vocesparalelas.com.ar\/sitio\/wp-json\/wp\/v2\/tags?post=34044"}],"curies":[{"name":"wp","href":"https:\/\/api.w.org\/{rel}","templated":true}]}}