{"id":34041,"date":"2021-01-02T12:18:12","date_gmt":"2021-01-02T15:18:12","guid":{"rendered":"http:\/\/vocesparalelas.com.ar\/sitio\/?p=34041"},"modified":"2021-01-05T00:50:34","modified_gmt":"2021-01-05T03:50:34","slug":"requisitos-de-ingreso-a-san-juan-para-personas-que-provengan-del-extranjero","status":"publish","type":"post","link":"https:\/\/vocesparalelas.com.ar\/sitio\/requisitos-de-ingreso-a-san-juan-para-personas-que-provengan-del-extranjero\/","title":{"rendered":"Requisitos de ingreso a San Juan para personas que provengan del extranjero"},"content":{"rendered":"<p>El Comit\u00e9 Provincial COVID-19, a trav\u00e9s del Ministerio de Salud P\u00fablica y en forma coordinadas con el resto de ministerios y secretarias, informa los requisitos establecidos bajo la Resoluci\u00f3n 2252 -2020JGM, para el ingreso de personas que provengan de otros pa\u00edses.<\/p>\n<p><span style=\"color: #ff0000;\"><strong>Los requisitos son:<\/strong><\/span><\/p>\n<ul>\n<li>Las personas deber\u00e1n presentar un PCR negativo de no m\u00e1s de 72 horas.<\/li>\n<li>Deber\u00e1 realizar una cuarentena de 7 d\u00edas en su lugar de destino.<\/li>\n<\/ul>\n","protected":false},"excerpt":{"rendered":"<p>El Comit\u00e9 Provincial COVID-19, a trav\u00e9s del Ministerio de Salud P\u00fablica y en forma coordinadas con el resto de ministerios<\/p>\n","protected":false},"author":3,"featured_media":1245,"comment_status":"closed","ping_status":"closed","sticky":false,"template":"","format":"standard","meta":{"_acf_changed":false,"_seopress_robots_primary_cat":"none","_seopress_titles_title":"","_seopress_titles_desc":"","_seopress_robots_index":"","colormag_page_container_layout":"default_layout","colormag_page_sidebar_layout":"default_layout","footnotes":""},"categories":[6],"tags":[],"class_list":["post-34041","post","type-post","status-publish","format-standard","has-post-thumbnail","hentry","category-eventos"],"acf":[],"_links":{"self":[{"href":"https:\/\/vocesparalelas.com.ar\/sitio\/wp-json\/wp\/v2\/posts\/34041","targetHints":{"allow":["GET"]}}],"collection":[{"href":"https:\/\/vocesparalelas.com.ar\/sitio\/wp-json\/wp\/v2\/posts"}],"about":[{"href":"https:\/\/vocesparalelas.com.ar\/sitio\/wp-json\/wp\/v2\/types\/post"}],"author":[{"embeddable":true,"href":"https:\/\/vocesparalelas.com.ar\/sitio\/wp-json\/wp\/v2\/users\/3"}],"replies":[{"embeddable":true,"href":"https:\/\/vocesparalelas.com.ar\/sitio\/wp-json\/wp\/v2\/comments?post=34041"}],"version-history":[{"count":1,"href":"https:\/\/vocesparalelas.com.ar\/sitio\/wp-json\/wp\/v2\/posts\/34041\/revisions"}],"predecessor-version":[{"id":34043,"href":"https:\/\/vocesparalelas.com.ar\/sitio\/wp-json\/wp\/v2\/posts\/34041\/revisions\/34043"}],"wp:featuredmedia":[{"embeddable":true,"href":"https:\/\/vocesparalelas.com.ar\/sitio\/wp-json\/wp\/v2\/media\/1245"}],"wp:attachment":[{"href":"https:\/\/vocesparalelas.com.ar\/sitio\/wp-json\/wp\/v2\/media?parent=34041"}],"wp:term":[{"taxonomy":"category","embeddable":true,"href":"https:\/\/vocesparalelas.com.ar\/sitio\/wp-json\/wp\/v2\/categories?post=34041"},{"taxonomy":"post_tag","embeddable":true,"href":"https:\/\/vocesparalelas.com.ar\/sitio\/wp-json\/wp\/v2\/tags?post=34041"}],"curies":[{"name":"wp","href":"https:\/\/api.w.org\/{rel}","templated":true}]}}